{"id":8012,"date":"2019-07-28T13:33:08","date_gmt":"2019-07-28T11:33:08","guid":{"rendered":"http:\/\/lesmaconsdelacreuse.fr\/annuaire\/?p=8012"},"modified":"2020-09-21T16:39:40","modified_gmt":"2020-09-21T14:39:40","slug":"l_1531","status":"publish","type":"post","link":"https:\/\/www.lesmaconsdelacreuse.fr\/annuaires\/lettre-l\/l_1531\/","title":{"rendered":"LEPETIT Jean-Baptiste (1844-apr\u00e8s 1917)"},"content":{"rendered":"<p class=\"last-updated\"><strong>Mis \u00e0 jour le :<\/strong> 01\/05\/2026<\/p><h2 style=\"text-align: center;\"><strong>Jean-Baptiste LEPETIT<\/strong><\/h2>\n<p style=\"text-align: center;\"><strong>1844 \u2013 apr\u00e8s 1917<\/strong><\/p>\n<p style=\"text-align: center;\"><img decoding=\"async\" title=\"\" src=\"https:\/\/lesmaconsdelacreuse.fr\/annuaire\/wp-content\/uploads\/2019\/07\/image1-2179.jpg\" alt=\"\" data-source-id=\"i.0\" data-asset-id=\"8011\" \/><\/p>\n<h4 style=\"text-align: center;\"><span style=\"color: #008000;\"><strong>ma\u00e7on <\/strong>puis\u00a0<\/span><em><span style=\"color: #008000;\">\u25ba<\/span><a href=\"https:\/\/www.lesmaconsdelacreuse.fr\/annuaires\/wp-content\/uploads\/2019\/08\/APPAREILLEUR.png\" target=\"_blank\" rel=\"noopener noreferrer\"><strong><span style=\"color: #008000;\">appareilleur<\/span><\/strong><\/a><\/em><span style=\"color: #008000;\">\u00a0; <strong>propri\u00e9taire cultivateur<\/strong><\/span><\/h4>\n<p>&nbsp;<\/p>\n<p style=\"text-align: center;\">n\u00e9 \u00e0 Chirouze (Saint-Quentin)<\/p>\n<p style=\"text-align: center;\">le 17 mars 1844<\/p>\n<p style=\"text-align: center;\">fils de<\/p>\n<p style=\"text-align: center;\">L\u00e9onard LEPETIT \/ Marguerite LEFAURE<\/p>\n<p style=\"text-align: center;\">cultivateurs<\/p>\n<p style=\"text-align: center;\"><span style=\"color: #ffffff;\">\u25d9<\/span><\/p>\n<p><em>Jean-Baptiste, <\/em><span style=\"color: #008000;\"><strong>ma\u00e7on<\/strong><\/span><em>, \u00e9pouse Ana\u00efs Antoinette <\/em><strong>PIOCHE <\/strong><em>le 21 septembre <\/em><strong>1872<\/strong><em> \u00e0 Saint-Quentin (contrat Lanaud \u00e0 Felletin).<\/em><\/p>\n<p><strong>En 1873<\/strong><em>, ils habitent Felletin. Ils vont ensuite \u00e0 Haute-Besse, commune du Monteil-au-Vicomte.<\/em><\/p>\n<p><em> Ana\u00efs y d\u00e9c\u00e8de le 17 f\u00e9vrier <\/em><strong>1877<\/strong><em>, \u00e2g\u00e9e de 21 ans. <\/em><\/p>\n<p><em>Jean-Baptiste se remarie avec Louise <\/em><strong>CHAPUT<\/strong><em> le 26 mars <\/em><strong>1878<\/strong><em> au Monteil (contrat Laville). <\/em><\/p>\n<p><strong>En 1887<\/strong><em>, il travaille \u00e0 <\/em><span style=\"color: #0000ff;\"><strong>Briare (45)<\/strong><\/span><em>.<\/em><\/p>\n<p><strong>En 1893<\/strong><em>, il y est <\/em><span style=\"color: #008000;\"><strong>appareilleur<\/strong><\/span><em>.<\/em><\/p>\n<p><em>Louise d\u00e9c\u00e8de \u00e0 Haute-Besse le 8 f\u00e9vrier <\/em><strong>1917<\/strong><em>, \u00e2g\u00e9e de 62 ans. <\/em><\/p>\n<p>&nbsp;<\/p>\n","protected":false},"excerpt":{"rendered":"<p>Mis \u00e0 jour le : 01\/05\/2026Jean-Baptiste LEPETIT 1844 \u2013 apr\u00e8s 1917 ma\u00e7on puis\u00a0\u25baappareilleur\u00a0; propri\u00e9taire cultivateur &nbsp; n\u00e9 \u00e0 Chirouze (Saint-Quentin) le 17 mars 1844 fils de L\u00e9onard LEPETIT \/ Marguerite LEFAURE cultivateurs \u25d9 Jean-Baptiste, ma\u00e7on, \u00e9pouse Ana\u00efs Antoinette PIOCHE le 21 septembre 1872 \u00e0 Saint-Quentin (contrat Lanaud \u00e0 Felletin). En 1873, ils habitent Felletin. Ils ..<\/p>\n<div class=\"clear-fix\"><\/div>\n<p><a href=\"https:\/\/www.lesmaconsdelacreuse.fr\/annuaires\/lettre-l\/l_1531\/\" title=\"Lire la suite...\">Lire la suite<\/a><\/p>\n","protected":false},"author":6,"featured_media":0,"comment_status":"closed","ping_status":"closed","sticky":false,"template":"","format":"standard","meta":{"_acf_changed":false,"_exactmetrics_skip_tracking":false,"_exactmetrics_sitenote_active":false,"_exactmetrics_sitenote_note":"","_exactmetrics_sitenote_category":0,"footnotes":""},"categories":[19],"tags":[],"class_list":["post-8012","post","type-post","status-publish","format-standard","hentry","category-lettre-l"],"acf":[],"_links":{"self":[{"href":"https:\/\/www.lesmaconsdelacreuse.fr\/annuaires\/wp-json\/wp\/v2\/posts\/8012","targetHints":{"allow":["GET"]}}],"collection":[{"href":"https:\/\/www.lesmaconsdelacreuse.fr\/annuaires\/wp-json\/wp\/v2\/posts"}],"about":[{"href":"https:\/\/www.lesmaconsdelacreuse.fr\/annuaires\/wp-json\/wp\/v2\/types\/post"}],"author":[{"embeddable":true,"href":"https:\/\/www.lesmaconsdelacreuse.fr\/annuaires\/wp-json\/wp\/v2\/users\/6"}],"replies":[{"embeddable":true,"href":"https:\/\/www.lesmaconsdelacreuse.fr\/annuaires\/wp-json\/wp\/v2\/comments?post=8012"}],"version-history":[{"count":0,"href":"https:\/\/www.lesmaconsdelacreuse.fr\/annuaires\/wp-json\/wp\/v2\/posts\/8012\/revisions"}],"wp:attachment":[{"href":"https:\/\/www.lesmaconsdelacreuse.fr\/annuaires\/wp-json\/wp\/v2\/media?parent=8012"}],"wp:term":[{"taxonomy":"category","embeddable":true,"href":"https:\/\/www.lesmaconsdelacreuse.fr\/annuaires\/wp-json\/wp\/v2\/categories?post=8012"},{"taxonomy":"post_tag","embeddable":true,"href":"https:\/\/www.lesmaconsdelacreuse.fr\/annuaires\/wp-json\/wp\/v2\/tags?post=8012"}],"curies":[{"name":"wp","href":"https:\/\/api.w.org\/{rel}","templated":true}]}}