{"id":8017,"date":"2019-07-28T13:33:07","date_gmt":"2019-07-28T11:33:07","guid":{"rendered":"http:\/\/lesmaconsdelacreuse.fr\/annuaire\/?p=8017"},"modified":"2020-09-07T08:48:05","modified_gmt":"2020-09-07T06:48:05","slug":"l_1495","status":"publish","type":"post","link":"https:\/\/www.lesmaconsdelacreuse.fr\/annuaires\/lettre-l\/l_1495\/","title":{"rendered":"LEPETIT \u00c9tienne (1785-1815)"},"content":{"rendered":"<p class=\"last-updated\"><strong>Mis \u00e0 jour le :<\/strong> 02\/05\/2026<\/p><h2 style=\"text-align: center;\"><strong>\u00c9tienne LEPETIT<\/strong><\/h2>\n<p style=\"text-align: center;\"><strong>1785 \u2013 1815<\/strong><\/p>\n<p style=\"text-align: center;\"><a href=\"https:\/\/www.lesmaconsdelacreuse.fr\/annuaires\/wp-content\/uploads\/2020\/07\/ne-sait-pas-signer.jpg\"><img loading=\"lazy\" decoding=\"async\" class=\"alignnone size-full wp-image-174596\" src=\"https:\/\/www.lesmaconsdelacreuse.fr\/annuaires\/wp-content\/uploads\/2020\/07\/ne-sait-pas-signer.jpg\" alt=\"\" width=\"156\" height=\"31\" srcset=\"https:\/\/www.lesmaconsdelacreuse.fr\/annuaires\/wp-content\/uploads\/2020\/07\/ne-sait-pas-signer.jpg 156w, https:\/\/www.lesmaconsdelacreuse.fr\/annuaires\/wp-content\/uploads\/2020\/07\/ne-sait-pas-signer-150x30.jpg 150w\" sizes=\"auto, (max-width: 156px) 100vw, 156px\" \/><\/a><\/p>\n<p>&nbsp;<\/p>\n<p style=\"text-align: center;\">\n<h4 style=\"text-align: center;\"><span style=\"color: #008000;\"><strong>ma\u00e7on <\/strong>et<strong> cultivateur<\/strong><\/span><\/h4>\n<p style=\"text-align: center;\">n\u00e9 au bourg de Saint-Pierre-le-Bost<\/p>\n<p style=\"text-align: center;\">le 17 mai 1785<\/p>\n<p style=\"text-align: center;\">fils de<\/p>\n<p style=\"text-align: center;\">L\u00e9onard LEPETIT \/ Marie DUPONT<\/p>\n<p style=\"text-align: center;\">laboureurs<\/p>\n<p style=\"text-align: center;\"><span style=\"color: #ffffff;\">\u25d9<\/span><\/p>\n<p><em>\u00c9tienne \u00e9pouse Jeanne <\/em><strong>NANON<\/strong><em> le 13 f\u00e9vrier <\/em><strong>1809<\/strong><em> \u00e0 Saint-Pierre. <\/em><\/p>\n<p><em>Ils vivent au Planchadeau. <\/em><\/p>\n<p><em>Ils y d\u00e9c\u00e8dent\u00a0:<\/em><\/p>\n<ul>\n<li><em>\u00c9tienne, le 27 f\u00e9vrier <\/em><strong>1815<\/strong><em>, \u00e2g\u00e9 de 29 ans<\/em><\/li>\n<li><em> Jeanne, le 2 f\u00e9vrier <\/em><strong>1846<\/strong><em>, \u00e2g\u00e9e de 65 ans<\/em><\/li>\n<\/ul>\n<p>&nbsp;<\/p>\n","protected":false},"excerpt":{"rendered":"<p>Mis \u00e0 jour le : 02\/05\/2026\u00c9tienne LEPETIT 1785 \u2013 1815 &nbsp; ma\u00e7on et cultivateur n\u00e9 au bourg de Saint-Pierre-le-Bost le 17 mai 1785 fils de L\u00e9onard LEPETIT \/ Marie DUPONT laboureurs \u25d9 \u00c9tienne \u00e9pouse Jeanne NANON le 13 f\u00e9vrier 1809 \u00e0 Saint-Pierre. Ils vivent au Planchadeau. Ils y d\u00e9c\u00e8dent\u00a0: \u00c9tienne, le 27 f\u00e9vrier 1815, \u00e2g\u00e9 ..<\/p>\n<div class=\"clear-fix\"><\/div>\n<p><a href=\"https:\/\/www.lesmaconsdelacreuse.fr\/annuaires\/lettre-l\/l_1495\/\" title=\"Lire la suite...\">Lire la suite<\/a><\/p>\n","protected":false},"author":6,"featured_media":0,"comment_status":"closed","ping_status":"closed","sticky":false,"template":"","format":"standard","meta":{"_acf_changed":false,"_exactmetrics_skip_tracking":false,"_exactmetrics_sitenote_active":false,"_exactmetrics_sitenote_note":"","_exactmetrics_sitenote_category":0,"footnotes":""},"categories":[19],"tags":[],"class_list":["post-8017","post","type-post","status-publish","format-standard","hentry","category-lettre-l"],"acf":[],"_links":{"self":[{"href":"https:\/\/www.lesmaconsdelacreuse.fr\/annuaires\/wp-json\/wp\/v2\/posts\/8017","targetHints":{"allow":["GET"]}}],"collection":[{"href":"https:\/\/www.lesmaconsdelacreuse.fr\/annuaires\/wp-json\/wp\/v2\/posts"}],"about":[{"href":"https:\/\/www.lesmaconsdelacreuse.fr\/annuaires\/wp-json\/wp\/v2\/types\/post"}],"author":[{"embeddable":true,"href":"https:\/\/www.lesmaconsdelacreuse.fr\/annuaires\/wp-json\/wp\/v2\/users\/6"}],"replies":[{"embeddable":true,"href":"https:\/\/www.lesmaconsdelacreuse.fr\/annuaires\/wp-json\/wp\/v2\/comments?post=8017"}],"version-history":[{"count":0,"href":"https:\/\/www.lesmaconsdelacreuse.fr\/annuaires\/wp-json\/wp\/v2\/posts\/8017\/revisions"}],"wp:attachment":[{"href":"https:\/\/www.lesmaconsdelacreuse.fr\/annuaires\/wp-json\/wp\/v2\/media?parent=8017"}],"wp:term":[{"taxonomy":"category","embeddable":true,"href":"https:\/\/www.lesmaconsdelacreuse.fr\/annuaires\/wp-json\/wp\/v2\/categories?post=8017"},{"taxonomy":"post_tag","embeddable":true,"href":"https:\/\/www.lesmaconsdelacreuse.fr\/annuaires\/wp-json\/wp\/v2\/tags?post=8017"}],"curies":[{"name":"wp","href":"https:\/\/api.w.org\/{rel}","templated":true}]}}