{"id":8018,"date":"2019-07-28T13:33:07","date_gmt":"2019-07-28T11:33:07","guid":{"rendered":"http:\/\/lesmaconsdelacreuse.fr\/annuaire\/?p=8018"},"modified":"2020-01-20T11:29:41","modified_gmt":"2020-01-20T10:29:41","slug":"l_1597","status":"publish","type":"post","link":"https:\/\/www.lesmaconsdelacreuse.fr\/annuaires\/lettre-l\/l_1597\/","title":{"rendered":"LESTARD Pierre (1883-1952)"},"content":{"rendered":"<p class=\"last-updated\"><strong>Mis \u00e0 jour le :<\/strong> 02\/05\/2026<\/p><h2 style=\"text-align: center;\"><strong>Pierre LESTARD<\/strong><\/h2>\n<p style=\"text-align: center;\"><strong>1883 \u2013 1952<\/strong><\/p>\n<p style=\"text-align: center;\"><img decoding=\"async\" title=\"\" src=\"https:\/\/lesmaconsdelacreuse.fr\/annuaire\/wp-content\/uploads\/2019\/07\/image1-2180.jpg\" alt=\"\" data-source-id=\"i.0\" data-asset-id=\"8015\" \/><\/p>\n<h4 style=\"text-align: center;\"><span style=\"color: #008000;\"><strong>ma\u00e7on<\/strong> et <strong>propri\u00e9taire cultivateur<\/strong><\/span><\/h4>\n<p style=\"text-align: center;\">n\u00e9 aux Bordes (Roy\u00e8re)<\/p>\n<p style=\"text-align: center;\">le 28 septembre 1883<\/p>\n<p style=\"text-align: center;\">fils de<\/p>\n<p style=\"text-align: center;\">Jean LESTARD, <span style=\"color: #008000;\"><strong>ma\u00e7on <\/strong><\/span>\/ Catherine CHAMPEYMOND<\/p>\n<p style=\"text-align: center;\">propri\u00e9taires cultivateurs<\/p>\n<p style=\"text-align: center;\"><span style=\"color: #ffffff;\">\u25d9<\/span><\/p>\n<p><strong>En 1904<\/strong><em>, Pierre travaille dans le <\/em><span style=\"color: #0000ff;\"><strong>Rh\u00f4ne (69)<\/strong><\/span><em> et y passe le conseil de r\u00e9vision. Il est ajourn\u00e9 pour faiblesse.<\/em><\/p>\n<p><em> Il \u00e9pouse Jeanne L\u00e9ontine <\/em><strong>TRARIEUX<\/strong><em> le 12 mars <\/em><strong>1910<\/strong> <em>\u00e0 Roy\u00e8re (contrat Toumieux). Ils habitent Les Bordes.<\/em><\/p>\n<p><em>Ils d\u00e9c\u00e8dent\u00a0:<\/em><\/p>\n<ul>\n<li><em>Pierre, aux Bordes, le 17 juin <\/em><strong>1952<\/strong><em>, \u00e2g\u00e9 de 68 ans<\/em><\/li>\n<li><em>L\u00e9ontine, \u00e0 Lyon 5e, le 10 septembre <\/em><strong>1959<\/strong><em>, \u00e2g\u00e9e de 70 ans<\/em><\/li>\n<\/ul>\n","protected":false},"excerpt":{"rendered":"<p>Mis \u00e0 jour le : 02\/05\/2026Pierre LESTARD 1883 \u2013 1952 ma\u00e7on et propri\u00e9taire cultivateur n\u00e9 aux Bordes (Roy\u00e8re) le 28 septembre 1883 fils de Jean LESTARD, ma\u00e7on \/ Catherine CHAMPEYMOND propri\u00e9taires cultivateurs \u25d9 En 1904, Pierre travaille dans le Rh\u00f4ne (69) et y passe le conseil de r\u00e9vision. Il est ajourn\u00e9 pour faiblesse. Il \u00e9pouse ..<\/p>\n<div class=\"clear-fix\"><\/div>\n<p><a href=\"https:\/\/www.lesmaconsdelacreuse.fr\/annuaires\/lettre-l\/l_1597\/\" title=\"Lire la suite...\">Lire la suite<\/a><\/p>\n","protected":false},"author":6,"featured_media":0,"comment_status":"closed","ping_status":"closed","sticky":false,"template":"","format":"standard","meta":{"_acf_changed":false,"_exactmetrics_skip_tracking":false,"_exactmetrics_sitenote_active":false,"_exactmetrics_sitenote_note":"","_exactmetrics_sitenote_category":0,"footnotes":""},"categories":[19],"tags":[],"class_list":["post-8018","post","type-post","status-publish","format-standard","hentry","category-lettre-l"],"acf":[],"_links":{"self":[{"href":"https:\/\/www.lesmaconsdelacreuse.fr\/annuaires\/wp-json\/wp\/v2\/posts\/8018","targetHints":{"allow":["GET"]}}],"collection":[{"href":"https:\/\/www.lesmaconsdelacreuse.fr\/annuaires\/wp-json\/wp\/v2\/posts"}],"about":[{"href":"https:\/\/www.lesmaconsdelacreuse.fr\/annuaires\/wp-json\/wp\/v2\/types\/post"}],"author":[{"embeddable":true,"href":"https:\/\/www.lesmaconsdelacreuse.fr\/annuaires\/wp-json\/wp\/v2\/users\/6"}],"replies":[{"embeddable":true,"href":"https:\/\/www.lesmaconsdelacreuse.fr\/annuaires\/wp-json\/wp\/v2\/comments?post=8018"}],"version-history":[{"count":0,"href":"https:\/\/www.lesmaconsdelacreuse.fr\/annuaires\/wp-json\/wp\/v2\/posts\/8018\/revisions"}],"wp:attachment":[{"href":"https:\/\/www.lesmaconsdelacreuse.fr\/annuaires\/wp-json\/wp\/v2\/media?parent=8018"}],"wp:term":[{"taxonomy":"category","embeddable":true,"href":"https:\/\/www.lesmaconsdelacreuse.fr\/annuaires\/wp-json\/wp\/v2\/categories?post=8018"},{"taxonomy":"post_tag","embeddable":true,"href":"https:\/\/www.lesmaconsdelacreuse.fr\/annuaires\/wp-json\/wp\/v2\/tags?post=8018"}],"curies":[{"name":"wp","href":"https:\/\/api.w.org\/{rel}","templated":true}]}}