{"id":8023,"date":"2019-07-28T13:33:07","date_gmt":"2019-07-28T11:33:07","guid":{"rendered":"http:\/\/lesmaconsdelacreuse.fr\/annuaire\/?p=8023"},"modified":"2020-10-03T13:54:08","modified_gmt":"2020-10-03T11:54:08","slug":"l_1539","status":"publish","type":"post","link":"https:\/\/www.lesmaconsdelacreuse.fr\/annuaires\/lettre-l\/l_1539\/","title":{"rendered":"LEPETIT Jules (1875-1898)"},"content":{"rendered":"<p class=\"last-updated\"><strong>Mis \u00e0 jour le :<\/strong> 02\/05\/2026<\/p><h2 style=\"text-align: center;\"><strong>Jules LEPETIT<\/strong><\/h2>\n<p style=\"text-align: center;\"><strong>1875 &#8211; 1898<\/strong><\/p>\n<h4 style=\"text-align: center;\"><span style=\"color: #008000;\"><strong>ma\u00e7on<\/strong><\/span><\/h4>\n<p>&nbsp;<\/p>\n<p style=\"text-align: center;\">n\u00e9 \u00e0 Pramy (Saint-Pierre-le-Bost)<\/p>\n<p style=\"text-align: center;\">le 8 mai 1875<\/p>\n<p style=\"text-align: center;\">fils de<\/p>\n<p style=\"text-align: center;\">Fran\u00e7ois LEPETIT,<span style=\"color: #008000;\"><strong> ma\u00e7on <\/strong><\/span>et \u25ba<a href=\"https:\/\/www.lesmaconsdelacreuse.fr\/annuaires\/wp-content\/uploads\/2020\/08\/SCIEUR-DE-LONG.png\" target=\"_blank\" rel=\"noopener noreferrer\">scieur de long<\/a><\/p>\n<p style=\"text-align: center;\">Jeanne Marie LEGROS<\/p>\n<p style=\"text-align: center;\">propri\u00e9taires cultivateurs<\/p>\n<p style=\"text-align: center;\"><span style=\"color: #ffffff;\">\u25d9<\/span><\/p>\n<p><strong>En 1894 et 1895<\/strong>,<em> Jules habite <\/em><span style=\"color: #0000ff;\"><strong>Lyon (69<\/strong><\/span><em><span style=\"color: #0000ff;\">)<\/span> 15, rue Moncey, 3e arrondissement, puis <\/em><span style=\"color: #0000ff;\"><strong>Saint-Genis-les-Olli\u00e8res (69)<\/strong><\/span><em>. Il est incarc\u00e9r\u00e9 \u00e0 deux reprises \u00e0 la \u25ba<a href=\"https:\/\/www.lesmaconsdelacreuse.fr\/annuaires\/wp-content\/uploads\/2020\/08\/PRISON-SAINT-PAUL.png\" target=\"_blank\" rel=\"noopener noreferrer\">prison Saint-Paul<\/a>, et \u00e0 la <a href=\"https:\/\/www.lesmaconsdelacreuse.fr\/annuaires\/\/wp-content\/uploads\/LEXIQUE\/PRISON_SAINT-JOSEPH.pdf\" target=\"_blank\" rel=\"noopener noreferrer\">\u25ba<\/a><a href=\"https:\/\/www.lesmaconsdelacreuse.fr\/annuaires\/wp-content\/uploads\/2020\/07\/PRISON-SAINT-JOSEPH.png\" target=\"_blank\" rel=\"noopener noreferrer\">prison Saint-Joseph<\/a> de Lyon pour violation de domicile, bris de cl\u00f4ture et vol . <\/em><\/p>\n<p><strong>En 1898<\/strong><em>, il est condamn\u00e9 par le conseil de guerre d\u2019Oran \u00e0 5 ans de r\u00e9clusion pour vol au pr\u00e9judice d\u2019un militaire.<\/em><\/p>\n<p><em>Il d\u00e9c\u00e8de au p\u00e9nitencier agricole de<\/em> <em>\u25ba<\/em><em><a href=\"https:\/\/www.lesmaconsdelacreuse.fr\/annuaires\/wp-content\/uploads\/2019\/07\/BERROUAGHIA.png\" target=\"_blank\" rel=\"noopener noreferrer\"><span style=\"color: #000000;\">Berrouaghia<\/span><\/a> en Alg\u00e9rie le 7 novembre de la m\u00eame ann\u00e9e, \u00e2g\u00e9 de 23 ans.<\/em><\/p>\n<p>&nbsp;<\/p>\n","protected":false},"excerpt":{"rendered":"<p>Mis \u00e0 jour le : 02\/05\/2026Jules LEPETIT 1875 &#8211; 1898 ma\u00e7on &nbsp; n\u00e9 \u00e0 Pramy (Saint-Pierre-le-Bost) le 8 mai 1875 fils de Fran\u00e7ois LEPETIT, ma\u00e7on et \u25bascieur de long Jeanne Marie LEGROS propri\u00e9taires cultivateurs \u25d9 En 1894 et 1895, Jules habite Lyon (69) 15, rue Moncey, 3e arrondissement, puis Saint-Genis-les-Olli\u00e8res (69). Il est incarc\u00e9r\u00e9 \u00e0 ..<\/p>\n<div class=\"clear-fix\"><\/div>\n<p><a href=\"https:\/\/www.lesmaconsdelacreuse.fr\/annuaires\/lettre-l\/l_1539\/\" title=\"Lire la suite...\">Lire la suite<\/a><\/p>\n","protected":false},"author":6,"featured_media":0,"comment_status":"closed","ping_status":"closed","sticky":false,"template":"","format":"standard","meta":{"_acf_changed":false,"_exactmetrics_skip_tracking":false,"_exactmetrics_sitenote_active":false,"_exactmetrics_sitenote_note":"","_exactmetrics_sitenote_category":0,"footnotes":""},"categories":[19],"tags":[],"class_list":["post-8023","post","type-post","status-publish","format-standard","hentry","category-lettre-l"],"acf":[],"_links":{"self":[{"href":"https:\/\/www.lesmaconsdelacreuse.fr\/annuaires\/wp-json\/wp\/v2\/posts\/8023","targetHints":{"allow":["GET"]}}],"collection":[{"href":"https:\/\/www.lesmaconsdelacreuse.fr\/annuaires\/wp-json\/wp\/v2\/posts"}],"about":[{"href":"https:\/\/www.lesmaconsdelacreuse.fr\/annuaires\/wp-json\/wp\/v2\/types\/post"}],"author":[{"embeddable":true,"href":"https:\/\/www.lesmaconsdelacreuse.fr\/annuaires\/wp-json\/wp\/v2\/users\/6"}],"replies":[{"embeddable":true,"href":"https:\/\/www.lesmaconsdelacreuse.fr\/annuaires\/wp-json\/wp\/v2\/comments?post=8023"}],"version-history":[{"count":0,"href":"https:\/\/www.lesmaconsdelacreuse.fr\/annuaires\/wp-json\/wp\/v2\/posts\/8023\/revisions"}],"wp:attachment":[{"href":"https:\/\/www.lesmaconsdelacreuse.fr\/annuaires\/wp-json\/wp\/v2\/media?parent=8023"}],"wp:term":[{"taxonomy":"category","embeddable":true,"href":"https:\/\/www.lesmaconsdelacreuse.fr\/annuaires\/wp-json\/wp\/v2\/categories?post=8023"},{"taxonomy":"post_tag","embeddable":true,"href":"https:\/\/www.lesmaconsdelacreuse.fr\/annuaires\/wp-json\/wp\/v2\/tags?post=8023"}],"curies":[{"name":"wp","href":"https:\/\/api.w.org\/{rel}","templated":true}]}}