{"id":8028,"date":"2019-07-28T13:33:07","date_gmt":"2019-07-28T11:33:07","guid":{"rendered":"http:\/\/lesmaconsdelacreuse.fr\/annuaire\/?p=8028"},"modified":"2020-01-20T11:29:40","modified_gmt":"2020-01-20T10:29:40","slug":"l_1562","status":"publish","type":"post","link":"https:\/\/www.lesmaconsdelacreuse.fr\/annuaires\/lettre-l\/l_1562\/","title":{"rendered":"LEPETIT Pierre (1795-1871)"},"content":{"rendered":"<p class=\"last-updated\"><strong>Mis \u00e0 jour le :<\/strong> 02\/05\/2026<\/p><h2 style=\"text-align: center;\"><strong>Pierre LEPETIT<\/strong><\/h2>\n<p style=\"text-align: center;\"><strong>1795 \u2013 1871<\/strong><\/p>\n<p style=\"text-align: center;\"><img decoding=\"async\" title=\"\" src=\"https:\/\/lesmaconsdelacreuse.fr\/annuaire\/wp-content\/uploads\/2019\/07\/image1-2183.jpg\" alt=\"\" data-source-id=\"i.0\" data-asset-id=\"8026\" \/><\/p>\n<h4 style=\"text-align: center;\"><span style=\"color: #008000;\"><strong>ma\u00e7on<\/strong> et <strong>propri\u00e9taire cultivateur<\/strong><\/span><\/h4>\n<p style=\"text-align: center;\">n\u00e9 \u00e0 Saint-Pierre-le-Bost<\/p>\n<p style=\"text-align: center;\">le 18 thermidor an III (5 ao\u00fbt 1795)<\/p>\n<p style=\"text-align: center;\">fils de<\/p>\n<p style=\"text-align: center;\">Louis LEPETIT \/ Anne L\u00c9LY<\/p>\n<p style=\"text-align: center;\"><span style=\"color: #ffffff;\">\u25d9<\/span><\/p>\n<p><em>Pierre \u00e9pouse Anne <\/em><strong>LENOIR <\/strong><em>le 4 janvier <\/em><strong>1817<\/strong><em> \u00e0 Ch\u00e2tain. Le couple habite Pramy. <\/em><\/p>\n<p><em>Anne y d\u00e9c\u00e8de le 22 juillet <\/em><strong>1823<\/strong><em>, \u00e2g\u00e9e de 27 ans. <\/em><\/p>\n<p><em>Pierre se remarie le 19 janvier <\/em><strong>1824<\/strong><em> avec Marie <\/em><strong>TRUFFINET<\/strong><em> \u00e0 Saint-Pierre (contrat Lepetit au Monteil-au-Vicomte). Le nouveau couple vit aussi \u00e0 Pramy. <\/em><\/p>\n<p><strong>En 1840<\/strong><em>, Pierre travaille \u00e0 <\/em><span style=\"color: #0000ff;\"><strong>Lyon (69)<\/strong><\/span><em>. <\/em><\/p>\n<p><em>Marie d\u00e9c\u00e8de \u00e0 Pramy le 10 novembre <\/em><strong>1842<\/strong><em>, \u00e2g\u00e9e de 42 ans. <\/em><\/p>\n<p><em>Pierre \u00e9pouse Marie <\/em><strong>POUCHONNAUD <\/strong><em>le 20 f\u00e9vrier <\/em><strong>1843<\/strong> <em>au Monteil-au-Vicomte (contrat Lepetit). Ils vivent \u00e9galement \u00e0 Pramy.<\/em><\/p>\n<p><strong>En 1845<\/strong><em>, Pierre est de nouveau \u00e0 Lyon.<\/em><\/p>\n<p><em>Les \u00e9poux d\u00e9c\u00e8dent \u00e0 Pramy\u00a0:<\/em><\/p>\n<ul>\n<li><em>Pierre, le 21 avril <\/em><strong>1871<\/strong><em>, \u00e2g\u00e9 de 75 ans<\/em><\/li>\n<li><em>Marie, le 12 f\u00e9vrier <\/em><strong>1873<\/strong><em>, \u00e2g\u00e9e de 60 ans<\/em><\/li>\n<\/ul>\n","protected":false},"excerpt":{"rendered":"<p>Mis \u00e0 jour le : 02\/05\/2026Pierre LEPETIT 1795 \u2013 1871 ma\u00e7on et propri\u00e9taire cultivateur n\u00e9 \u00e0 Saint-Pierre-le-Bost le 18 thermidor an III (5 ao\u00fbt 1795) fils de Louis LEPETIT \/ Anne L\u00c9LY \u25d9 Pierre \u00e9pouse Anne LENOIR le 4 janvier 1817 \u00e0 Ch\u00e2tain. Le couple habite Pramy. Anne y d\u00e9c\u00e8de le 22 juillet 1823, \u00e2g\u00e9e ..<\/p>\n<div class=\"clear-fix\"><\/div>\n<p><a href=\"https:\/\/www.lesmaconsdelacreuse.fr\/annuaires\/lettre-l\/l_1562\/\" title=\"Lire la suite...\">Lire la suite<\/a><\/p>\n","protected":false},"author":6,"featured_media":0,"comment_status":"closed","ping_status":"closed","sticky":false,"template":"","format":"standard","meta":{"_acf_changed":false,"_exactmetrics_skip_tracking":false,"_exactmetrics_sitenote_active":false,"_exactmetrics_sitenote_note":"","_exactmetrics_sitenote_category":0,"footnotes":""},"categories":[19],"tags":[],"class_list":["post-8028","post","type-post","status-publish","format-standard","hentry","category-lettre-l"],"acf":[],"_links":{"self":[{"href":"https:\/\/www.lesmaconsdelacreuse.fr\/annuaires\/wp-json\/wp\/v2\/posts\/8028","targetHints":{"allow":["GET"]}}],"collection":[{"href":"https:\/\/www.lesmaconsdelacreuse.fr\/annuaires\/wp-json\/wp\/v2\/posts"}],"about":[{"href":"https:\/\/www.lesmaconsdelacreuse.fr\/annuaires\/wp-json\/wp\/v2\/types\/post"}],"author":[{"embeddable":true,"href":"https:\/\/www.lesmaconsdelacreuse.fr\/annuaires\/wp-json\/wp\/v2\/users\/6"}],"replies":[{"embeddable":true,"href":"https:\/\/www.lesmaconsdelacreuse.fr\/annuaires\/wp-json\/wp\/v2\/comments?post=8028"}],"version-history":[{"count":0,"href":"https:\/\/www.lesmaconsdelacreuse.fr\/annuaires\/wp-json\/wp\/v2\/posts\/8028\/revisions"}],"wp:attachment":[{"href":"https:\/\/www.lesmaconsdelacreuse.fr\/annuaires\/wp-json\/wp\/v2\/media?parent=8028"}],"wp:term":[{"taxonomy":"category","embeddable":true,"href":"https:\/\/www.lesmaconsdelacreuse.fr\/annuaires\/wp-json\/wp\/v2\/categories?post=8028"},{"taxonomy":"post_tag","embeddable":true,"href":"https:\/\/www.lesmaconsdelacreuse.fr\/annuaires\/wp-json\/wp\/v2\/tags?post=8028"}],"curies":[{"name":"wp","href":"https:\/\/api.w.org\/{rel}","templated":true}]}}