{"id":8033,"date":"2019-07-28T13:33:07","date_gmt":"2019-07-28T11:33:07","guid":{"rendered":"http:\/\/lesmaconsdelacreuse.fr\/annuaire\/?p=8033"},"modified":"2020-01-20T11:29:39","modified_gmt":"2020-01-20T10:29:39","slug":"l_1596","status":"publish","type":"post","link":"https:\/\/www.lesmaconsdelacreuse.fr\/annuaires\/lettre-l\/l_1596\/","title":{"rendered":"LESTARD Michel (1854-1896)"},"content":{"rendered":"<p class=\"last-updated\"><strong>Mis \u00e0 jour le :<\/strong> 02\/05\/2026<\/p><h2 style=\"text-align: center;\"><strong>Michel LESTARD<\/strong><\/h2>\n<p style=\"text-align: center;\"><strong>1854 \u2013 1896<\/strong><\/p>\n<p style=\"text-align: center;\"><img loading=\"lazy\" decoding=\"async\" class=\"\" title=\"\" src=\"https:\/\/lesmaconsdelacreuse.fr\/annuaire\/wp-content\/uploads\/2019\/07\/image1-2185.jpg\" alt=\"\" width=\"305\" height=\"73\" data-source-id=\"i.0\" data-asset-id=\"8030\" \/><\/p>\n<h4 style=\"text-align: center;\"><span style=\"color: #008000;\"><strong>ma\u00e7on<\/strong><\/span><\/h4>\n<p style=\"text-align: center;\">n\u00e9 \u00e0 Vauveix (Roy\u00e8re)<\/p>\n<p style=\"text-align: center;\">le 21 septembre 1854<\/p>\n<p style=\"text-align: center;\">fils de<\/p>\n<p style=\"text-align: center;\">Pierre Fran\u00e7ois LESTARD, <span style=\"color: #008000;\"><strong>ma\u00e7on<\/strong><\/span><\/p>\n<p style=\"text-align: center;\">Anne LAUZANNE, cultivatrice<\/p>\n<p style=\"text-align: center;\"><span style=\"color: #ffffff;\">\u25d9<\/span><\/p>\n<p><strong>En 1875<\/strong><em>, Michel travaille dans le <\/em><span style=\"color: #0000ff;\"><strong>Rh\u00f4ne<\/strong><\/span><em> et y passe le conseil de r\u00e9vision. D\u2019abord ajourn\u00e9 pour d\u00e9faut de taille, il ensuite jug\u00e9 propre au service.<\/em><\/p>\n<p><em>\u25ba <\/em><span style=\"color: #000000;\"><strong><a target=\"_blank\"style=\"color: #000000;\" href=\"https:\/\/www.lesmaconsdelacreuse.fr\/annuaires\/\/wp-content\/uploads\/DOCUMENTS\/1876_-_Michel_LESTARD_a_Lyon.pdf\">En 1876<\/a><\/strong><\/span><em>, il est \u00e0 <\/em><span style=\"color: #0000ff;\"><strong>Lyon (69) <\/strong><\/span><em>et habite 235, rue Duguesclin. <\/em><\/p>\n<p><em>Il travaille ensuite \u00e0 <\/em><span style=\"color: #0000ff;\"><strong>Vaulx-en-Velin (69)<\/strong><\/span><em>.<\/em><\/p>\n<p><em> Il \u00e9pouse Th\u00e9r\u00e8se <\/em><strong>GRELET<\/strong><em>, domestique, le 18 octobre <\/em><strong>1879<\/strong><em> \u00e0 Roy\u00e8re (mari\u00e9s sans contrat).<\/em><\/p>\n<p><strong>En 1896<\/strong><em>, ils habitent Lyon, 124, rue de Vend\u00f4me, 6e arrondissement.<\/em><\/p>\n<p><em> Michel d\u00e9c\u00e8de \u00e0 cette adresse le 7 mai de la m\u00eame ann\u00e9e, \u00e2g\u00e9 de 41 ans.<\/em><\/p>\n<p><em>Sa veuve se remarie en 1897 avec Pierre TRUFFY, ma\u00e7on. <\/em><\/p>\n","protected":false},"excerpt":{"rendered":"<p>Mis \u00e0 jour le : 02\/05\/2026Michel LESTARD 1854 \u2013 1896 ma\u00e7on n\u00e9 \u00e0 Vauveix (Roy\u00e8re) le 21 septembre 1854 fils de Pierre Fran\u00e7ois LESTARD, ma\u00e7on Anne LAUZANNE, cultivatrice \u25d9 En 1875, Michel travaille dans le Rh\u00f4ne et y passe le conseil de r\u00e9vision. D\u2019abord ajourn\u00e9 pour d\u00e9faut de taille, il ensuite jug\u00e9 propre au service. ..<\/p>\n<div class=\"clear-fix\"><\/div>\n<p><a href=\"https:\/\/www.lesmaconsdelacreuse.fr\/annuaires\/lettre-l\/l_1596\/\" title=\"Lire la suite...\">Lire la suite<\/a><\/p>\n","protected":false},"author":6,"featured_media":0,"comment_status":"closed","ping_status":"closed","sticky":false,"template":"","format":"standard","meta":{"_acf_changed":false,"_exactmetrics_skip_tracking":false,"_exactmetrics_sitenote_active":false,"_exactmetrics_sitenote_note":"","_exactmetrics_sitenote_category":0,"footnotes":""},"categories":[19],"tags":[],"class_list":["post-8033","post","type-post","status-publish","format-standard","hentry","category-lettre-l"],"acf":[],"_links":{"self":[{"href":"https:\/\/www.lesmaconsdelacreuse.fr\/annuaires\/wp-json\/wp\/v2\/posts\/8033","targetHints":{"allow":["GET"]}}],"collection":[{"href":"https:\/\/www.lesmaconsdelacreuse.fr\/annuaires\/wp-json\/wp\/v2\/posts"}],"about":[{"href":"https:\/\/www.lesmaconsdelacreuse.fr\/annuaires\/wp-json\/wp\/v2\/types\/post"}],"author":[{"embeddable":true,"href":"https:\/\/www.lesmaconsdelacreuse.fr\/annuaires\/wp-json\/wp\/v2\/users\/6"}],"replies":[{"embeddable":true,"href":"https:\/\/www.lesmaconsdelacreuse.fr\/annuaires\/wp-json\/wp\/v2\/comments?post=8033"}],"version-history":[{"count":0,"href":"https:\/\/www.lesmaconsdelacreuse.fr\/annuaires\/wp-json\/wp\/v2\/posts\/8033\/revisions"}],"wp:attachment":[{"href":"https:\/\/www.lesmaconsdelacreuse.fr\/annuaires\/wp-json\/wp\/v2\/media?parent=8033"}],"wp:term":[{"taxonomy":"category","embeddable":true,"href":"https:\/\/www.lesmaconsdelacreuse.fr\/annuaires\/wp-json\/wp\/v2\/categories?post=8033"},{"taxonomy":"post_tag","embeddable":true,"href":"https:\/\/www.lesmaconsdelacreuse.fr\/annuaires\/wp-json\/wp\/v2\/tags?post=8033"}],"curies":[{"name":"wp","href":"https:\/\/api.w.org\/{rel}","templated":true}]}}