{"id":8037,"date":"2019-07-28T13:33:06","date_gmt":"2019-07-28T11:33:06","guid":{"rendered":"http:\/\/lesmaconsdelacreuse.fr\/annuaire\/?p=8037"},"modified":"2020-01-20T11:29:42","modified_gmt":"2020-01-20T10:29:42","slug":"l_1521","status":"publish","type":"post","link":"https:\/\/www.lesmaconsdelacreuse.fr\/annuaires\/lettre-l\/l_1521\/","title":{"rendered":"LEPETIT Jean (vers 1736-1762)"},"content":{"rendered":"<p class=\"last-updated\"><strong>Mis \u00e0 jour le :<\/strong> 02\/05\/2026<\/p><h2 style=\"text-align: center;\"><strong>Jean LEPETIT<\/strong><\/h2>\n<p style=\"text-align: center;\"><strong>vers 1736 &#8211; 1762<\/strong><\/p>\n<p style=\"text-align: center;\"><img decoding=\"async\" title=\"\" src=\"https:\/\/lesmaconsdelacreuse.fr\/annuaire\/wp-content\/uploads\/2019\/07\/image1-2187.jpg\" alt=\"\" data-source-id=\"i.0\" data-asset-id=\"8034\" \/><\/p>\n<h4 style=\"text-align: center;\"><span style=\"color: #008000;\"><strong>ma\u00e7on<\/strong> et <strong>laboureur<\/strong><\/span><\/h4>\n<p style=\"text-align: center;\">n\u00e9 au Bost-Boussac (Saint-Martin-Ch\u00e2teau)\u00a0?<\/p>\n<p style=\"text-align: center;\">vers 1736<\/p>\n<p style=\"text-align: center;\">fils de<\/p>\n<p style=\"text-align: center;\">Jean LEPETIT, <span style=\"color: #008000;\"><strong>ma\u00e7on <\/strong><\/span><strong>\/ <\/strong>Magdeleine DUFOUR<\/p>\n<p style=\"text-align: center;\">laboureurs<\/p>\n<p style=\"text-align: center;\"><span style=\"color: #ffffff;\">\u25d9<\/span><\/p>\n<p><em>Jean \u00e9pouse Marie <\/em><strong>GUYOT<\/strong><em> le 24 f\u00e9vrier <\/em><strong>1756<\/strong><em> \u00e0 Saint-Pardoux-Lavaud.<\/em><\/p>\n<p><em>Marie d\u00e9c\u00e8de \u00e0 Neuvialle, paroisse de Saint-Martin, le 10 septembre <\/em><strong>1762<\/strong><em>, \u00e2g\u00e9e de 24 ans. <\/em><\/p>\n","protected":false},"excerpt":{"rendered":"<p>Mis \u00e0 jour le : 02\/05\/2026Jean LEPETIT vers 1736 &#8211; 1762 ma\u00e7on et laboureur n\u00e9 au Bost-Boussac (Saint-Martin-Ch\u00e2teau)\u00a0? vers 1736 fils de Jean LEPETIT, ma\u00e7on \/ Magdeleine DUFOUR laboureurs \u25d9 Jean \u00e9pouse Marie GUYOT le 24 f\u00e9vrier 1756 \u00e0 Saint-Pardoux-Lavaud. Marie d\u00e9c\u00e8de \u00e0 Neuvialle, paroisse de Saint-Martin, le 10 septembre 1762, \u00e2g\u00e9e ..<\/p>\n<div class=\"clear-fix\"><\/div>\n<p><a href=\"https:\/\/www.lesmaconsdelacreuse.fr\/annuaires\/lettre-l\/l_1521\/\" title=\"Lire la suite...\">Lire la suite<\/a><\/p>\n","protected":false},"author":6,"featured_media":0,"comment_status":"closed","ping_status":"closed","sticky":false,"template":"","format":"standard","meta":{"_acf_changed":false,"_exactmetrics_skip_tracking":false,"_exactmetrics_sitenote_active":false,"_exactmetrics_sitenote_note":"","_exactmetrics_sitenote_category":0,"footnotes":""},"categories":[19],"tags":[],"class_list":["post-8037","post","type-post","status-publish","format-standard","hentry","category-lettre-l"],"acf":[],"_links":{"self":[{"href":"https:\/\/www.lesmaconsdelacreuse.fr\/annuaires\/wp-json\/wp\/v2\/posts\/8037","targetHints":{"allow":["GET"]}}],"collection":[{"href":"https:\/\/www.lesmaconsdelacreuse.fr\/annuaires\/wp-json\/wp\/v2\/posts"}],"about":[{"href":"https:\/\/www.lesmaconsdelacreuse.fr\/annuaires\/wp-json\/wp\/v2\/types\/post"}],"author":[{"embeddable":true,"href":"https:\/\/www.lesmaconsdelacreuse.fr\/annuaires\/wp-json\/wp\/v2\/users\/6"}],"replies":[{"embeddable":true,"href":"https:\/\/www.lesmaconsdelacreuse.fr\/annuaires\/wp-json\/wp\/v2\/comments?post=8037"}],"version-history":[{"count":0,"href":"https:\/\/www.lesmaconsdelacreuse.fr\/annuaires\/wp-json\/wp\/v2\/posts\/8037\/revisions"}],"wp:attachment":[{"href":"https:\/\/www.lesmaconsdelacreuse.fr\/annuaires\/wp-json\/wp\/v2\/media?parent=8037"}],"wp:term":[{"taxonomy":"category","embeddable":true,"href":"https:\/\/www.lesmaconsdelacreuse.fr\/annuaires\/wp-json\/wp\/v2\/categories?post=8037"},{"taxonomy":"post_tag","embeddable":true,"href":"https:\/\/www.lesmaconsdelacreuse.fr\/annuaires\/wp-json\/wp\/v2\/tags?post=8037"}],"curies":[{"name":"wp","href":"https:\/\/api.w.org\/{rel}","templated":true}]}}