{"id":8043,"date":"2019-07-28T13:33:06","date_gmt":"2019-07-28T11:33:06","guid":{"rendered":"http:\/\/lesmaconsdelacreuse.fr\/annuaire\/?p=8043"},"modified":"2020-10-09T08:40:44","modified_gmt":"2020-10-09T06:40:44","slug":"l_1570","status":"publish","type":"post","link":"https:\/\/www.lesmaconsdelacreuse.fr\/annuaires\/lettre-l\/l_1570\/","title":{"rendered":"LEPETIT Raymond Lucien (1892-apr\u00e8s 1938)"},"content":{"rendered":"<p class=\"last-updated\"><strong>Mis \u00e0 jour le :<\/strong> 02\/05\/2026<\/p><h2 style=\"text-align: center;\"><strong>Raymond Lucien LEPETIT<\/strong><\/h2>\n<p style=\"text-align: center;\"><strong>Lucien LEPETIT<\/strong><\/p>\n<p style=\"text-align: center;\"><strong>1892 \u2013 apr\u00e8s 1938<\/strong><\/p>\n<p style=\"text-align: center;\"><img decoding=\"async\" title=\"\" src=\"https:\/\/lesmaconsdelacreuse.fr\/annuaire\/wp-content\/uploads\/2019\/07\/image1-2190.jpg\" alt=\"\" data-source-id=\"i.0\" data-asset-id=\"8041\" \/><\/p>\n<h4 style=\"text-align: center;\"><span style=\"color: #008000;\"><strong>ma\u00e7on<\/strong><\/span><\/h4>\n<p>&nbsp;<\/p>\n<p style=\"text-align: center;\">n\u00e9 \u00e0 Haute-Besse (Le Monteil-au-Vicomte)<\/p>\n<p style=\"text-align: center;\">le 13 janvier 1892<\/p>\n<p style=\"text-align: center;\">fils de<\/p>\n<p style=\"text-align: center;\">Jean-Baptiste LEPETIT,\u00a0<em>\u25ba<\/em><strong><a href=\"https:\/\/www.lesmaconsdelacreuse.fr\/annuaires\/wp-content\/uploads\/2020\/08\/CONDUCTEUR-DE-TRAVAUX.png\" target=\"_blank\" rel=\"noopener noreferrer\"><span style=\"color: #008000;\">conducteur de travaux<\/span><\/a><\/strong><\/p>\n<p style=\"text-align: center;\">Louise CHAPUT<\/p>\n<p style=\"text-align: center;\">propri\u00e9taires cultivateurs<\/p>\n<p style=\"text-align: center;\"><span style=\"color: #ffffff;\">\u25d9<\/span><\/p>\n<p><strong>En 1913<\/strong><em>, Raymond travaille dans la <\/em><span style=\"color: #0000ff;\"><strong>Seine (75)<\/strong><\/span><em> et y passe le conseil de r\u00e9vision. Il est ajourn\u00e9 pour faiblesse, puis d\u00e9clar\u00e9 apte en 1914.<\/em><\/p>\n<p><em> Il \u00e9pouse Jeanne <\/em><strong>HUGUET <\/strong><em>le 14 juin <\/em><strong>1918<\/strong><em> \u00e0 <\/em><strong><span style=\"color: #0000ff;\">Yzeure\u00a0(03)<\/span>.<\/strong><\/p>\n<p><strong>De 1933 \u00e0 1938<\/strong> <em>au moins, ils habitent <\/em><span style=\"color: #0000ff;\"><strong>Villejuif (94)<\/strong><\/span><em>, 23, rue de l\u2019\u00c9pi d\u2019Or. <\/em><\/p>\n<p>&nbsp;<\/p>\n","protected":false},"excerpt":{"rendered":"<p>Mis \u00e0 jour le : 02\/05\/2026Raymond Lucien LEPETIT Lucien LEPETIT 1892 \u2013 apr\u00e8s 1938 ma\u00e7on &nbsp; n\u00e9 \u00e0 Haute-Besse (Le Monteil-au-Vicomte) le 13 janvier 1892 fils de Jean-Baptiste LEPETIT,\u00a0\u25baconducteur de travaux Louise CHAPUT propri\u00e9taires cultivateurs \u25d9 En 1913, Raymond travaille dans la Seine (75) et y passe le conseil de r\u00e9vision. Il est ajourn\u00e9 pour ..<\/p>\n<div class=\"clear-fix\"><\/div>\n<p><a href=\"https:\/\/www.lesmaconsdelacreuse.fr\/annuaires\/lettre-l\/l_1570\/\" title=\"Lire la suite...\">Lire la suite<\/a><\/p>\n","protected":false},"author":6,"featured_media":0,"comment_status":"closed","ping_status":"closed","sticky":false,"template":"","format":"standard","meta":{"_acf_changed":false,"_exactmetrics_skip_tracking":false,"_exactmetrics_sitenote_active":false,"_exactmetrics_sitenote_note":"","_exactmetrics_sitenote_category":0,"footnotes":""},"categories":[19],"tags":[],"class_list":["post-8043","post","type-post","status-publish","format-standard","hentry","category-lettre-l"],"acf":[],"_links":{"self":[{"href":"https:\/\/www.lesmaconsdelacreuse.fr\/annuaires\/wp-json\/wp\/v2\/posts\/8043","targetHints":{"allow":["GET"]}}],"collection":[{"href":"https:\/\/www.lesmaconsdelacreuse.fr\/annuaires\/wp-json\/wp\/v2\/posts"}],"about":[{"href":"https:\/\/www.lesmaconsdelacreuse.fr\/annuaires\/wp-json\/wp\/v2\/types\/post"}],"author":[{"embeddable":true,"href":"https:\/\/www.lesmaconsdelacreuse.fr\/annuaires\/wp-json\/wp\/v2\/users\/6"}],"replies":[{"embeddable":true,"href":"https:\/\/www.lesmaconsdelacreuse.fr\/annuaires\/wp-json\/wp\/v2\/comments?post=8043"}],"version-history":[{"count":0,"href":"https:\/\/www.lesmaconsdelacreuse.fr\/annuaires\/wp-json\/wp\/v2\/posts\/8043\/revisions"}],"wp:attachment":[{"href":"https:\/\/www.lesmaconsdelacreuse.fr\/annuaires\/wp-json\/wp\/v2\/media?parent=8043"}],"wp:term":[{"taxonomy":"category","embeddable":true,"href":"https:\/\/www.lesmaconsdelacreuse.fr\/annuaires\/wp-json\/wp\/v2\/categories?post=8043"},{"taxonomy":"post_tag","embeddable":true,"href":"https:\/\/www.lesmaconsdelacreuse.fr\/annuaires\/wp-json\/wp\/v2\/tags?post=8043"}],"curies":[{"name":"wp","href":"https:\/\/api.w.org\/{rel}","templated":true}]}}