{"id":8044,"date":"2019-07-28T13:33:06","date_gmt":"2019-07-28T11:33:06","guid":{"rendered":"http:\/\/lesmaconsdelacreuse.fr\/annuaire\/?p=8044"},"modified":"2022-04-14T18:50:24","modified_gmt":"2022-04-14T16:50:24","slug":"l_1577","status":"publish","type":"post","link":"https:\/\/www.lesmaconsdelacreuse.fr\/annuaires\/lettre-l\/l_1577\/","title":{"rendered":"LESENTIER Th\u00e9odore (1872-apr\u00e8s 1918)"},"content":{"rendered":"<p class=\"last-updated\"><strong>Mis \u00e0 jour le :<\/strong> 02\/05\/2026<\/p><h2 style=\"text-align: center;\"><strong>Th\u00e9odore LESENTIER<\/strong><\/h2>\n<p style=\"text-align: center;\"><strong>1872 \u2013 apr\u00e8s 1918<\/strong><\/p>\n<p style=\"text-align: center;\"><img decoding=\"async\" title=\"\" src=\"https:\/\/lesmaconsdelacreuse.fr\/annuaire\/wp-content\/uploads\/2019\/07\/image1-134.png\" alt=\"\" data-source-id=\"i.0\" data-asset-id=\"8042\" \/><\/p>\n<h4 style=\"text-align: center;\"><span style=\"color: #008000;\"><strong>ma\u00e7on<\/strong><\/span><\/h4>\n<p>&nbsp;<\/p>\n<p style=\"text-align: center;\">n\u00e9 \u00e0 Trijoulet (Faux-la-Montagne)<\/p>\n<p style=\"text-align: center;\">le 10 f\u00e9vrier 1872<\/p>\n<p style=\"text-align: center;\">fils de<\/p>\n<p style=\"text-align: center;\">Antoine LESENTIER, \u25ba<a href=\"https:\/\/www.lesmaconsdelacreuse.fr\/annuaires\/wp-content\/uploads\/2020\/08\/SCIEUR-DE-LONG.png\" target=\"_blank\" rel=\"noopener noreferrer\">scieur de long<\/a><\/p>\n<p style=\"text-align: center;\">Marguerite DUNAIGRE, cultivatrice<\/p>\n<p style=\"text-align: center;\"><span style=\"color: #ffffff;\">\u25d9<\/span><\/p>\n<p><strong>En 1892<\/strong><em>, Th\u00e9odore habite Roy\u00e8re avec ses parents. <\/em><\/p>\n<p><strong>En 1895<\/strong><em>, il travaille \u00e0 <\/em><span style=\"color: #0000ff;\"><strong>Villefranche (69)<\/strong><\/span><em>, et loge 7, impasse Raisin, puis 7, rue Monplaisir.<\/em><\/p>\n<p><em>Il \u00e9pouse Jeanne Marie <\/em><strong>CHATOUX<\/strong><em>, elle aussi native de Faux, le 26 octobre de la m\u00eame ann\u00e9e \u00e0 Villefranche (mari\u00e9s sans contrat).<\/em><\/p>\n<p><strong>En 1896<\/strong><em>, ils sont recens\u00e9s 227, rue Nationale.<\/em><\/p>\n<p><strong>En 1908<\/strong><em>, ils habitent 7, rue Monplaisir.<\/em><\/p>\n<p><em> Jeanne y d\u00e9c\u00e8de le 23 janvier de la m\u00eame ann\u00e9e \u00e2g\u00e9e de 32 ans.<\/em><\/p>\n<p><em>Th\u00e9odore se remarie \u00e0 Villefranche le 9 mars <\/em><strong>1912<\/strong><em> avec Eug\u00e9nie <\/em><strong>LAVARENNE<\/strong><em> (mari\u00e9s sans contrat).<\/em><\/p>\n<p>&nbsp;<\/p>\n","protected":false},"excerpt":{"rendered":"<p>Mis \u00e0 jour le : 02\/05\/2026Th\u00e9odore LESENTIER 1872 \u2013 apr\u00e8s 1918 ma\u00e7on &nbsp; n\u00e9 \u00e0 Trijoulet (Faux-la-Montagne) le 10 f\u00e9vrier 1872 fils de Antoine LESENTIER, \u25bascieur de long Marguerite DUNAIGRE, cultivatrice \u25d9 En 1892, Th\u00e9odore habite Roy\u00e8re avec ses parents. En 1895, il travaille \u00e0 Villefranche (69), et loge 7, impasse Raisin, puis 7, rue ..<\/p>\n<div class=\"clear-fix\"><\/div>\n<p><a href=\"https:\/\/www.lesmaconsdelacreuse.fr\/annuaires\/lettre-l\/l_1577\/\" title=\"Lire la suite...\">Lire la suite<\/a><\/p>\n","protected":false},"author":6,"featured_media":0,"comment_status":"closed","ping_status":"closed","sticky":false,"template":"","format":"standard","meta":{"_acf_changed":false,"_exactmetrics_skip_tracking":false,"_exactmetrics_sitenote_active":false,"_exactmetrics_sitenote_note":"","_exactmetrics_sitenote_category":0,"footnotes":""},"categories":[19],"tags":[],"class_list":["post-8044","post","type-post","status-publish","format-standard","hentry","category-lettre-l"],"acf":[],"_links":{"self":[{"href":"https:\/\/www.lesmaconsdelacreuse.fr\/annuaires\/wp-json\/wp\/v2\/posts\/8044","targetHints":{"allow":["GET"]}}],"collection":[{"href":"https:\/\/www.lesmaconsdelacreuse.fr\/annuaires\/wp-json\/wp\/v2\/posts"}],"about":[{"href":"https:\/\/www.lesmaconsdelacreuse.fr\/annuaires\/wp-json\/wp\/v2\/types\/post"}],"author":[{"embeddable":true,"href":"https:\/\/www.lesmaconsdelacreuse.fr\/annuaires\/wp-json\/wp\/v2\/users\/6"}],"replies":[{"embeddable":true,"href":"https:\/\/www.lesmaconsdelacreuse.fr\/annuaires\/wp-json\/wp\/v2\/comments?post=8044"}],"version-history":[{"count":1,"href":"https:\/\/www.lesmaconsdelacreuse.fr\/annuaires\/wp-json\/wp\/v2\/posts\/8044\/revisions"}],"predecessor-version":[{"id":197622,"href":"https:\/\/www.lesmaconsdelacreuse.fr\/annuaires\/wp-json\/wp\/v2\/posts\/8044\/revisions\/197622"}],"wp:attachment":[{"href":"https:\/\/www.lesmaconsdelacreuse.fr\/annuaires\/wp-json\/wp\/v2\/media?parent=8044"}],"wp:term":[{"taxonomy":"category","embeddable":true,"href":"https:\/\/www.lesmaconsdelacreuse.fr\/annuaires\/wp-json\/wp\/v2\/categories?post=8044"},{"taxonomy":"post_tag","embeddable":true,"href":"https:\/\/www.lesmaconsdelacreuse.fr\/annuaires\/wp-json\/wp\/v2\/tags?post=8044"}],"curies":[{"name":"wp","href":"https:\/\/api.w.org\/{rel}","templated":true}]}}