{"id":8048,"date":"2019-07-28T13:33:06","date_gmt":"2019-07-28T11:33:06","guid":{"rendered":"http:\/\/lesmaconsdelacreuse.fr\/annuaire\/?p=8048"},"modified":"2020-10-01T15:25:02","modified_gmt":"2020-10-01T13:25:02","slug":"l_1569","status":"publish","type":"post","link":"https:\/\/www.lesmaconsdelacreuse.fr\/annuaires\/lettre-l\/l_1569\/","title":{"rendered":"LEPETIT Pierre Hippolyte (1874-apr\u00e8s 1922)"},"content":{"rendered":"<p class=\"last-updated\"><strong>Mis \u00e0 jour le :<\/strong> 02\/05\/2026<\/p><h2 style=\"text-align: center;\"><strong>Pierre Hippolyte LEPETIT<\/strong><\/h2>\n<p style=\"text-align: center;\"><strong>1874 \u2013 apr\u00e8s 1922<\/strong><\/p>\n<p style=\"text-align: center;\"><img decoding=\"async\" title=\"\" src=\"https:\/\/lesmaconsdelacreuse.fr\/annuaire\/wp-content\/uploads\/2019\/07\/image1-2192.jpg\" alt=\"\" data-source-id=\"i.0\" data-asset-id=\"8046\" \/><\/p>\n<h4 style=\"text-align: center;\"><span style=\"color: #008000;\"><strong>ma\u00e7on<\/strong><\/span><\/h4>\n<p>&nbsp;<\/p>\n<p style=\"text-align: center;\">n\u00e9 \u00e0 Confolens (Banize)<\/p>\n<p style=\"text-align: center;\">le 20 f\u00e9vrier 1874<\/p>\n<p style=\"text-align: center;\">fils de<\/p>\n<p style=\"text-align: center;\">Pierre LEPETIT, <strong>\u25ba<\/strong><strong><a href=\"https:\/\/www.lesmaconsdelacreuse.fr\/annuaires\/wp-content\/uploads\/2020\/08\/CHARRON.png\" target=\"_blank\" rel=\"noopener noreferrer\">charron<\/a><\/strong> forgeron<\/p>\n<p style=\"text-align: center;\">Fran\u00e7oise H\u00e9l\u00e8ne LHOMET<\/p>\n<p style=\"text-align: center;\"><span style=\"color: #ffffff;\">\u25d9<\/span><\/p>\n<p><strong>En 1894<\/strong><em>, Pierre habite le Monteil-au-Vicomte avec son p\u00e8re.<\/em><\/p>\n<p><em> Il travaille \u00e0 <\/em><strong><span style=\"color: #0000ff;\">Paris (75)<\/span>\u00a0<\/strong><em>et loge\u00a0:<\/em><\/p>\n<p><strong>en 1900<\/strong><em>, 45, rue Tocqueville\u00a0;<\/em><\/p>\n<p><strong>en 1903<\/strong><em>, 4, rue d\u2019\u00c9cosse dans le 5e\u00a0arrondissement\u00a0;<\/em><\/p>\n<p><strong>en 1905<\/strong><em>, 4, rue Saint-\u00c9tienne-du-Mont, aussi dans le 5e.<\/em><\/p>\n<p><strong>En 1906<\/strong><em>, il est \u00e0 <\/em><strong><span style=\"color: #0000ff;\">Levallois-Perret (92)<\/span>,<\/strong><em> 40, rue Voltaire.<\/em><\/p>\n<p><em> Il y \u00e9pouse Marie <\/em><strong>CHALEIX<\/strong><em>, native de M\u00e9rignat,<\/em> <em>le 11 ao\u00fbt de la m\u00eame ann\u00e9e . L\u2019acte l\u00e9gitime 3 enfants n\u00e9e d\u2019eux auparavant, tant au Monteil qu\u2019\u00e0 Paris. <\/em><\/p>\n<p><strong>En 1910<\/strong><em>, ils habitent toujours Levallois\u00a0;<\/em><\/p>\n<p><strong>en 1919<\/strong><em> , <\/em><span style=\"color: #0000ff;\"><strong>Caen (14)<\/strong><\/span><em>, 12, rue de Ge\u00f4le\u00a0;<\/em><\/p>\n<p><strong>en 1922<\/strong><em>, Langannerie, commune de <\/em><span style=\"color: #0000ff;\"><strong>Grainville (14)<\/strong><\/span><em>. <\/em><\/p>\n<p>&nbsp;<\/p>\n","protected":false},"excerpt":{"rendered":"<p>Mis \u00e0 jour le : 02\/05\/2026Pierre Hippolyte LEPETIT 1874 \u2013 apr\u00e8s 1922 ma\u00e7on &nbsp; n\u00e9 \u00e0 Confolens (Banize) le 20 f\u00e9vrier 1874 fils de Pierre LEPETIT, \u25bacharron forgeron Fran\u00e7oise H\u00e9l\u00e8ne LHOMET \u25d9 En 1894, Pierre habite le Monteil-au-Vicomte avec son p\u00e8re. Il travaille \u00e0 Paris (75)\u00a0et loge\u00a0: en 1900, 45, rue Tocqueville\u00a0; en 1903, 4, ..<\/p>\n<div class=\"clear-fix\"><\/div>\n<p><a href=\"https:\/\/www.lesmaconsdelacreuse.fr\/annuaires\/lettre-l\/l_1569\/\" title=\"Lire la suite...\">Lire la suite<\/a><\/p>\n","protected":false},"author":6,"featured_media":0,"comment_status":"closed","ping_status":"closed","sticky":false,"template":"","format":"standard","meta":{"_acf_changed":false,"_exactmetrics_skip_tracking":false,"_exactmetrics_sitenote_active":false,"_exactmetrics_sitenote_note":"","_exactmetrics_sitenote_category":0,"footnotes":""},"categories":[19],"tags":[],"class_list":["post-8048","post","type-post","status-publish","format-standard","hentry","category-lettre-l"],"acf":[],"_links":{"self":[{"href":"https:\/\/www.lesmaconsdelacreuse.fr\/annuaires\/wp-json\/wp\/v2\/posts\/8048","targetHints":{"allow":["GET"]}}],"collection":[{"href":"https:\/\/www.lesmaconsdelacreuse.fr\/annuaires\/wp-json\/wp\/v2\/posts"}],"about":[{"href":"https:\/\/www.lesmaconsdelacreuse.fr\/annuaires\/wp-json\/wp\/v2\/types\/post"}],"author":[{"embeddable":true,"href":"https:\/\/www.lesmaconsdelacreuse.fr\/annuaires\/wp-json\/wp\/v2\/users\/6"}],"replies":[{"embeddable":true,"href":"https:\/\/www.lesmaconsdelacreuse.fr\/annuaires\/wp-json\/wp\/v2\/comments?post=8048"}],"version-history":[{"count":0,"href":"https:\/\/www.lesmaconsdelacreuse.fr\/annuaires\/wp-json\/wp\/v2\/posts\/8048\/revisions"}],"wp:attachment":[{"href":"https:\/\/www.lesmaconsdelacreuse.fr\/annuaires\/wp-json\/wp\/v2\/media?parent=8048"}],"wp:term":[{"taxonomy":"category","embeddable":true,"href":"https:\/\/www.lesmaconsdelacreuse.fr\/annuaires\/wp-json\/wp\/v2\/categories?post=8048"},{"taxonomy":"post_tag","embeddable":true,"href":"https:\/\/www.lesmaconsdelacreuse.fr\/annuaires\/wp-json\/wp\/v2\/tags?post=8048"}],"curies":[{"name":"wp","href":"https:\/\/api.w.org\/{rel}","templated":true}]}}