{"id":8051,"date":"2019-07-28T13:33:05","date_gmt":"2019-07-28T11:33:05","guid":{"rendered":"http:\/\/lesmaconsdelacreuse.fr\/annuaire\/?p=8051"},"modified":"2023-01-02T14:06:19","modified_gmt":"2023-01-02T13:06:19","slug":"l_1578","status":"publish","type":"post","link":"https:\/\/www.lesmaconsdelacreuse.fr\/annuaires\/lettre-l\/l_1578\/","title":{"rendered":"DUSOUTRE \u00c9tienne (vers 1664-1724)"},"content":{"rendered":"<p class=\"last-updated\"><strong>Mis \u00e0 jour le :<\/strong> 02\/05\/2026<\/p><h2 style=\"text-align: center;\"><strong>\u00c9tienne DUSOUTRE<\/strong><\/h2>\n<p style=\"text-align: center;\"><strong>Etienne LESOUTRE<\/strong><\/p>\n<p style=\"text-align: center;\"><strong>vers 1664 &#8211; 1724<\/strong><\/p>\n<p style=\"text-align: center;\"><a href=\"https:\/\/www.lesmaconsdelacreuse.fr\/annuaires\/wp-content\/uploads\/2020\/07\/ne-sait-pas-signer.jpg\"><img loading=\"lazy\" decoding=\"async\" class=\"alignnone size-full wp-image-174596\" src=\"https:\/\/www.lesmaconsdelacreuse.fr\/annuaires\/wp-content\/uploads\/2020\/07\/ne-sait-pas-signer.jpg\" alt=\"\" width=\"156\" height=\"31\" srcset=\"https:\/\/www.lesmaconsdelacreuse.fr\/annuaires\/wp-content\/uploads\/2020\/07\/ne-sait-pas-signer.jpg 156w, https:\/\/www.lesmaconsdelacreuse.fr\/annuaires\/wp-content\/uploads\/2020\/07\/ne-sait-pas-signer-150x30.jpg 150w\" sizes=\"auto, (max-width: 156px) 100vw, 156px\" \/><\/a><\/p>\n<p>&nbsp;<\/p>\n<h4 style=\"text-align: center;\"><span style=\"color: #008000;\"><strong>ma\u00e7on<\/strong><\/span><\/h4>\n<p style=\"text-align: center;\">de Pramy (Saint-Pierre-le-Bost)<\/p>\n<p style=\"text-align: center;\"><span style=\"color: #ffffff;\">\u25d9<\/span><\/p>\n<p><strong>Vers 1700<\/strong><em>, \u00c9tienne \u00e9pouse Anne <\/em><strong>QUEYRAT<\/strong> <em>.<\/em><\/p>\n<p><em> Ils habitent Pramy. Anne y d\u00e9c\u00e8de le 6 janvier <\/em><strong>1706<\/strong><em>, \u00e2g\u00e9e de 30 ans environ.<br \/>\n<\/em><\/p>\n<p><strong> \u25ba<span style=\"color: #ff00ff;\"><a style=\"color: #ff00ff;\" href=\"https:\/\/www.lesmaconsdelacreuse.fr\/annuaires\/\/wp-content\/uploads\/DOCUMENTS\/1718_-_Etienne_DUSOUTRE_a_Lyon.pdf\" target=\"_blank\" rel=\"noopener noreferrer\">En<\/a> <a style=\"color: #ff00ff;\" href=\"https:\/\/www.lesmaconsdelacreuse.fr\/annuaires\/\/wp-content\/uploads\/DOCUMENTS\/1718_-_Etienne_DUSOUTRE_a_Lyon.pdf\" target=\"_blank\" rel=\"noopener noreferrer\">1718<\/a><\/span><\/strong><em>, \u00c9tienne travaille \u00e0 <\/em><span style=\"color: #0000ff;\"><strong>Lyon (69)<\/strong><\/span><em>. <\/em><\/p>\n<p><em>Il d\u00e9c\u00e8de, lui aussi \u00e0 Pramy,\u00a0 <\/em><em>le 19 f\u00e9vrier <\/em><strong>1724<\/strong><em>, \u00e2g\u00e9 de 60 ans environ<\/em><\/p>\n<p>S17<\/p>\n<p>&nbsp;<\/p>\n","protected":false},"excerpt":{"rendered":"<p>Mis \u00e0 jour le : 02\/05\/2026\u00c9tienne DUSOUTRE Etienne LESOUTRE vers 1664 &#8211; 1724 &nbsp; ma\u00e7on de Pramy (Saint-Pierre-le-Bost) \u25d9 Vers 1700, \u00c9tienne \u00e9pouse Anne QUEYRAT . Ils habitent Pramy. Anne y d\u00e9c\u00e8de le 6 janvier 1706, \u00e2g\u00e9e de 30 ans environ. \u25baEn 1718, \u00c9tienne travaille \u00e0 Lyon (69). Il d\u00e9c\u00e8de, lui aussi \u00e0 Pramy,\u00a0 le ..<\/p>\n<div class=\"clear-fix\"><\/div>\n<p><a href=\"https:\/\/www.lesmaconsdelacreuse.fr\/annuaires\/lettre-l\/l_1578\/\" title=\"Lire la suite...\">Lire la suite<\/a><\/p>\n","protected":false},"author":6,"featured_media":0,"comment_status":"closed","ping_status":"closed","sticky":false,"template":"","format":"standard","meta":{"_acf_changed":false,"_exactmetrics_skip_tracking":false,"_exactmetrics_sitenote_active":false,"_exactmetrics_sitenote_note":"","_exactmetrics_sitenote_category":0,"footnotes":""},"categories":[19],"tags":[],"class_list":["post-8051","post","type-post","status-publish","format-standard","hentry","category-lettre-l"],"acf":[],"_links":{"self":[{"href":"https:\/\/www.lesmaconsdelacreuse.fr\/annuaires\/wp-json\/wp\/v2\/posts\/8051","targetHints":{"allow":["GET"]}}],"collection":[{"href":"https:\/\/www.lesmaconsdelacreuse.fr\/annuaires\/wp-json\/wp\/v2\/posts"}],"about":[{"href":"https:\/\/www.lesmaconsdelacreuse.fr\/annuaires\/wp-json\/wp\/v2\/types\/post"}],"author":[{"embeddable":true,"href":"https:\/\/www.lesmaconsdelacreuse.fr\/annuaires\/wp-json\/wp\/v2\/users\/6"}],"replies":[{"embeddable":true,"href":"https:\/\/www.lesmaconsdelacreuse.fr\/annuaires\/wp-json\/wp\/v2\/comments?post=8051"}],"version-history":[{"count":1,"href":"https:\/\/www.lesmaconsdelacreuse.fr\/annuaires\/wp-json\/wp\/v2\/posts\/8051\/revisions"}],"predecessor-version":[{"id":203487,"href":"https:\/\/www.lesmaconsdelacreuse.fr\/annuaires\/wp-json\/wp\/v2\/posts\/8051\/revisions\/203487"}],"wp:attachment":[{"href":"https:\/\/www.lesmaconsdelacreuse.fr\/annuaires\/wp-json\/wp\/v2\/media?parent=8051"}],"wp:term":[{"taxonomy":"category","embeddable":true,"href":"https:\/\/www.lesmaconsdelacreuse.fr\/annuaires\/wp-json\/wp\/v2\/categories?post=8051"},{"taxonomy":"post_tag","embeddable":true,"href":"https:\/\/www.lesmaconsdelacreuse.fr\/annuaires\/wp-json\/wp\/v2\/tags?post=8051"}],"curies":[{"name":"wp","href":"https:\/\/api.w.org\/{rel}","templated":true}]}}