{"id":8052,"date":"2019-07-28T13:33:06","date_gmt":"2019-07-28T11:33:06","guid":{"rendered":"http:\/\/lesmaconsdelacreuse.fr\/annuaire\/?p=8052"},"modified":"2020-01-20T11:29:41","modified_gmt":"2020-01-20T10:29:41","slug":"l_1510","status":"publish","type":"post","link":"https:\/\/www.lesmaconsdelacreuse.fr\/annuaires\/lettre-l\/l_1510\/","title":{"rendered":"LEPETIT Fran\u00e7ois (1884-1914)"},"content":{"rendered":"<p class=\"last-updated\"><strong>Mis \u00e0 jour le :<\/strong> 02\/05\/2026<\/p><h2 style=\"text-align: center;\"><strong>Fran\u00e7ois LEPETIT<\/strong><\/h2>\n<p style=\"text-align: center;\"><strong>1884 &#8211; 1914<\/strong><\/p>\n<p style=\"text-align: center;\"><img loading=\"lazy\" decoding=\"async\" class=\"\" title=\"\" src=\"https:\/\/lesmaconsdelacreuse.fr\/annuaire\/wp-content\/uploads\/2019\/07\/image1-2193.jpg\" alt=\"\" width=\"166\" height=\"97\" data-source-id=\"i.0\" data-asset-id=\"8050\" \/><\/p>\n<h4 style=\"text-align: center;\"><span style=\"color: #008000;\"><strong>ma\u00e7on<\/strong><\/span><\/h4>\n<p style=\"text-align: center;\">n\u00e9 \u00e0 La Cour-de-Rozet (Saint-Pardoux-Lavaud)<\/p>\n<p style=\"text-align: center;\">le 1er ao\u00fbt 1884<\/p>\n<p style=\"text-align: center;\">fils de<\/p>\n<p style=\"text-align: center;\">Joseph LEPETIT,<span style=\"color: #008000;\"> <strong>ma\u00e7on<\/strong><\/span><\/p>\n<p style=\"text-align: center;\">Fran\u00e7oise CONCHONNET, cultivatrice<\/p>\n<p style=\"text-align: center;\"><span style=\"color: #ffffff;\">\u25d9<\/span><\/p>\n<p><strong>En 1905<\/strong><em>, Fran\u00e7ois travaille dans le <\/em><span style=\"color: #0000ff;\"><strong>Rh\u00f4ne<\/strong><\/span><em>.<\/em><\/p>\n<p><strong>En 1908<\/strong><em>, il habite <\/em><span style=\"color: #0000ff;\"><strong>Lyon (69)<\/strong><\/span><em> 176, rue Garibaldi, puis 101, rue Dunoir\u00a0;<\/em><\/p>\n<p><strong>en 1909<\/strong><em>, 205, avenue de Saxe.<\/em><\/p>\n<p><em> Il \u00e9pouse Marie Eug\u00e9nie <\/em><strong>GROUSSAUD<\/strong><em> le 19 f\u00e9vrier <\/em><strong>1910<\/strong><em> \u00e0 Saint-Martin-Ch\u00e2teau (contrat Berger \u00e0 Bourganeuf).<\/em><\/p>\n<p>Fin 1910 <em>et jusqu\u2019en<\/em> 1914<em>, il habite 54, rue des Trois Pierres.<\/em><\/p>\n<p><em> Il d\u00e9c\u00e8de \u00e0 Lyon 7e le 15 avril <\/em><strong>1914<\/strong><em><strong>,<\/strong> \u00e2g\u00e9 de 29 ans.<\/em><\/p>\n<p><em>Sa veuve, non remari\u00e9e, d\u00e9c\u00e8de au Masfaure, commune de Saint-Martin-Ch\u00e2teau, le 25 septembre <\/em>1959<em>, \u00e2g\u00e9e de 71 ans.<\/em><\/p>\n","protected":false},"excerpt":{"rendered":"<p>Mis \u00e0 jour le : 02\/05\/2026Fran\u00e7ois LEPETIT 1884 &#8211; 1914 ma\u00e7on n\u00e9 \u00e0 La Cour-de-Rozet (Saint-Pardoux-Lavaud) le 1er ao\u00fbt 1884 fils de Joseph LEPETIT, ma\u00e7on Fran\u00e7oise CONCHONNET, cultivatrice \u25d9 En 1905, Fran\u00e7ois travaille dans le Rh\u00f4ne. En 1908, il habite Lyon (69) 176, rue Garibaldi, puis 101, rue Dunoir\u00a0; en 1909, 205, avenue de Saxe. ..<\/p>\n<div class=\"clear-fix\"><\/div>\n<p><a href=\"https:\/\/www.lesmaconsdelacreuse.fr\/annuaires\/lettre-l\/l_1510\/\" title=\"Lire la suite...\">Lire la suite<\/a><\/p>\n","protected":false},"author":6,"featured_media":0,"comment_status":"closed","ping_status":"closed","sticky":false,"template":"","format":"standard","meta":{"_acf_changed":false,"_exactmetrics_skip_tracking":false,"_exactmetrics_sitenote_active":false,"_exactmetrics_sitenote_note":"","_exactmetrics_sitenote_category":0,"footnotes":""},"categories":[19],"tags":[],"class_list":["post-8052","post","type-post","status-publish","format-standard","hentry","category-lettre-l"],"acf":[],"_links":{"self":[{"href":"https:\/\/www.lesmaconsdelacreuse.fr\/annuaires\/wp-json\/wp\/v2\/posts\/8052","targetHints":{"allow":["GET"]}}],"collection":[{"href":"https:\/\/www.lesmaconsdelacreuse.fr\/annuaires\/wp-json\/wp\/v2\/posts"}],"about":[{"href":"https:\/\/www.lesmaconsdelacreuse.fr\/annuaires\/wp-json\/wp\/v2\/types\/post"}],"author":[{"embeddable":true,"href":"https:\/\/www.lesmaconsdelacreuse.fr\/annuaires\/wp-json\/wp\/v2\/users\/6"}],"replies":[{"embeddable":true,"href":"https:\/\/www.lesmaconsdelacreuse.fr\/annuaires\/wp-json\/wp\/v2\/comments?post=8052"}],"version-history":[{"count":0,"href":"https:\/\/www.lesmaconsdelacreuse.fr\/annuaires\/wp-json\/wp\/v2\/posts\/8052\/revisions"}],"wp:attachment":[{"href":"https:\/\/www.lesmaconsdelacreuse.fr\/annuaires\/wp-json\/wp\/v2\/media?parent=8052"}],"wp:term":[{"taxonomy":"category","embeddable":true,"href":"https:\/\/www.lesmaconsdelacreuse.fr\/annuaires\/wp-json\/wp\/v2\/categories?post=8052"},{"taxonomy":"post_tag","embeddable":true,"href":"https:\/\/www.lesmaconsdelacreuse.fr\/annuaires\/wp-json\/wp\/v2\/tags?post=8052"}],"curies":[{"name":"wp","href":"https:\/\/api.w.org\/{rel}","templated":true}]}}