{"id":8058,"date":"2019-07-28T13:33:05","date_gmt":"2019-07-28T11:33:05","guid":{"rendered":"http:\/\/lesmaconsdelacreuse.fr\/annuaire\/?p=8058"},"modified":"2020-01-20T11:29:43","modified_gmt":"2020-01-20T10:29:43","slug":"l_1565","status":"publish","type":"post","link":"https:\/\/www.lesmaconsdelacreuse.fr\/annuaires\/lettre-l\/l_1565\/","title":{"rendered":"LEPETIT Pierre (1852-1892)"},"content":{"rendered":"<p class=\"last-updated\"><strong>Mis \u00e0 jour le :<\/strong> 02\/05\/2026<\/p><h2 style=\"text-align: center;\"><strong>Pierre LEPETIT<\/strong><\/h2>\n<p style=\"text-align: center;\"><strong>1852 \u2013 1892<\/strong><\/p>\n<p style=\"text-align: center;\"><img decoding=\"async\" title=\"\" src=\"https:\/\/lesmaconsdelacreuse.fr\/annuaire\/wp-content\/uploads\/2019\/07\/image1-2196.jpg\" alt=\"\" data-source-id=\"i.0\" data-asset-id=\"8057\" \/><\/p>\n<h4 style=\"text-align: center;\"><span style=\"color: #008000;\"><strong>ma\u00e7on<\/strong><\/span><\/h4>\n<p style=\"text-align: center;\">n\u00e9 au bourg de Saint-Pierre-le-Bost<\/p>\n<p style=\"text-align: center;\">le 8 mars 1852<\/p>\n<p style=\"text-align: center;\">fils de<\/p>\n<p style=\"text-align: center;\">Jean LEPETIT, <span style=\"color: #008000;\"><strong>ma\u00e7on<\/strong><\/span> et sabotier<\/p>\n<p style=\"text-align: center;\">Anne LEPETIT, cultivatrice<\/p>\n<p style=\"text-align: center;\"><span style=\"color: #ffffff;\">\u25d9<\/span><\/p>\n<p><strong>En 1873<\/strong><em>, Pierre est exempt\u00e9 de service militaire pour difformit\u00e9 du voile du palais et vers\u00e9 dans les services auxiliaires.<\/em><\/p>\n<p><em>Il \u00e9pouse Marie <\/em><strong>BOURDEAU<\/strong><em> le 28 ao\u00fbt de la m\u00eame ann\u00e9e \u00e0 Saint-Pierre (mari\u00e9s sans contrat). Ils habitent Beauvais, m\u00eame commune. <\/em><\/p>\n<p><strong>En 1892<\/strong><em>, Pierre travaille \u00e0 <\/em><span style=\"color: #0000ff;\"><strong>Lyon (69)<\/strong><\/span><em> et loge 7, rue Robert, 6e arrondissement.<\/em><\/p>\n<p><em>Il d\u00e9c\u00e8de \u00e0 cette adresse le 31 janvier de la m\u00eame ann\u00e9e, \u00e2g\u00e9 de 39 ans. <\/em><\/p>\n","protected":false},"excerpt":{"rendered":"<p>Mis \u00e0 jour le : 02\/05\/2026Pierre LEPETIT 1852 \u2013 1892 ma\u00e7on n\u00e9 au bourg de Saint-Pierre-le-Bost le 8 mars 1852 fils de Jean LEPETIT, ma\u00e7on et sabotier Anne LEPETIT, cultivatrice \u25d9 En 1873, Pierre est exempt\u00e9 de service militaire pour difformit\u00e9 du voile du palais et vers\u00e9 dans les services auxiliaires. Il \u00e9pouse Marie BOURDEAU ..<\/p>\n<div class=\"clear-fix\"><\/div>\n<p><a href=\"https:\/\/www.lesmaconsdelacreuse.fr\/annuaires\/lettre-l\/l_1565\/\" title=\"Lire la suite...\">Lire la suite<\/a><\/p>\n","protected":false},"author":6,"featured_media":0,"comment_status":"closed","ping_status":"closed","sticky":false,"template":"","format":"standard","meta":{"_acf_changed":false,"_exactmetrics_skip_tracking":false,"_exactmetrics_sitenote_active":false,"_exactmetrics_sitenote_note":"","_exactmetrics_sitenote_category":0,"footnotes":""},"categories":[19],"tags":[],"class_list":["post-8058","post","type-post","status-publish","format-standard","hentry","category-lettre-l"],"acf":[],"_links":{"self":[{"href":"https:\/\/www.lesmaconsdelacreuse.fr\/annuaires\/wp-json\/wp\/v2\/posts\/8058","targetHints":{"allow":["GET"]}}],"collection":[{"href":"https:\/\/www.lesmaconsdelacreuse.fr\/annuaires\/wp-json\/wp\/v2\/posts"}],"about":[{"href":"https:\/\/www.lesmaconsdelacreuse.fr\/annuaires\/wp-json\/wp\/v2\/types\/post"}],"author":[{"embeddable":true,"href":"https:\/\/www.lesmaconsdelacreuse.fr\/annuaires\/wp-json\/wp\/v2\/users\/6"}],"replies":[{"embeddable":true,"href":"https:\/\/www.lesmaconsdelacreuse.fr\/annuaires\/wp-json\/wp\/v2\/comments?post=8058"}],"version-history":[{"count":0,"href":"https:\/\/www.lesmaconsdelacreuse.fr\/annuaires\/wp-json\/wp\/v2\/posts\/8058\/revisions"}],"wp:attachment":[{"href":"https:\/\/www.lesmaconsdelacreuse.fr\/annuaires\/wp-json\/wp\/v2\/media?parent=8058"}],"wp:term":[{"taxonomy":"category","embeddable":true,"href":"https:\/\/www.lesmaconsdelacreuse.fr\/annuaires\/wp-json\/wp\/v2\/categories?post=8058"},{"taxonomy":"post_tag","embeddable":true,"href":"https:\/\/www.lesmaconsdelacreuse.fr\/annuaires\/wp-json\/wp\/v2\/tags?post=8058"}],"curies":[{"name":"wp","href":"https:\/\/api.w.org\/{rel}","templated":true}]}}