{"id":8059,"date":"2019-07-28T13:33:05","date_gmt":"2019-07-28T11:33:05","guid":{"rendered":"http:\/\/lesmaconsdelacreuse.fr\/annuaire\/?p=8059"},"modified":"2020-10-01T15:25:27","modified_gmt":"2020-10-01T13:25:27","slug":"l_1536","status":"publish","type":"post","link":"https:\/\/www.lesmaconsdelacreuse.fr\/annuaires\/lettre-l\/l_1536\/","title":{"rendered":"LEPETIT Joseph (1856-1930)"},"content":{"rendered":"<p class=\"last-updated\"><strong>Mis \u00e0 jour le :<\/strong> 02\/05\/2026<\/p><h2 style=\"text-align: center;\"><strong>Joseph LEPETIT<\/strong><\/h2>\n<p style=\"text-align: center;\"><strong>1856 \u2013 1930<\/strong><\/p>\n<p style=\"text-align: center;\"><img loading=\"lazy\" decoding=\"async\" class=\"\" title=\"\" src=\"https:\/\/lesmaconsdelacreuse.fr\/annuaire\/wp-content\/uploads\/2019\/07\/image1-2195.jpg\" alt=\"\" width=\"361\" height=\"98\" data-source-id=\"i.0\" data-asset-id=\"8056\" \/><\/p>\n<h4 style=\"text-align: center;\"><span style=\"color: #008000;\"><strong>ma\u00e7on<\/strong><\/span><\/h4>\n<p>&nbsp;<\/p>\n<p style=\"text-align: center;\">n\u00e9 \u00e0 La Cour-de-Rozet (Saint-Pardoux-Lavaud)<\/p>\n<p style=\"text-align: center;\">le 7 septembre 1856<\/p>\n<p style=\"text-align: center;\">fils de<\/p>\n<p style=\"text-align: center;\">L\u00e9onard LEPETIT, <strong>\u25ba<\/strong><strong><a href=\"https:\/\/www.lesmaconsdelacreuse.fr\/annuaires\/wp-content\/uploads\/2020\/08\/CHARRON.png\" target=\"_blank\" rel=\"noopener noreferrer\">charron<\/a><\/strong> \/ Marguerite CH\u00c2TEAU<\/p>\n<p style=\"text-align: center;\">propri\u00e9taires cultivateurs<\/p>\n<p style=\"text-align: center;\"><span style=\"color: #ffffff;\">\u25d9<\/span><\/p>\n<p><em>Joseph \u00e9pouse Fran\u00e7oise <\/em><strong>CONCHONNET<\/strong><em> le 13 janvier <\/em><strong>1880<\/strong> <em>\u00e0 Saint-Martin-Ch\u00e2teau (contrat Va\u00efsse \u00e0 Bourganeuf). Ils habitent La Cour-de-Rozet.<\/em><\/p>\n<p><em>Joseph travaille \u00e0 <\/em><span style=\"color: #0000ff;\"><strong>Lyon (69)<\/strong><\/span><em>\u00a0; il loge chemin de la Demi-Lune, puis 79, rue de Bondy, puis 17, rue Moncey.<\/em><\/p>\n<p><em>Les \u00e9poux d\u00e9c\u00e8dent\u00a0:<\/em><\/p>\n<ul>\n<li><em>Joseph, \u00e0 La Cour-de-Rozet, le 4 mai <\/em><strong>1930<\/strong><em>, \u00e2g\u00e9 de 73 ans<\/em><\/li>\n<li><em>Fran\u00e7oise, \u00e0 Lyon 1er, le 19 ao\u00fbt <\/em><strong>1932<\/strong><em>, \u00e2g\u00e9e de 71 ans<\/em><\/li>\n<\/ul>\n<p>&nbsp;<\/p>\n","protected":false},"excerpt":{"rendered":"<p>Mis \u00e0 jour le : 02\/05\/2026Joseph LEPETIT 1856 \u2013 1930 ma\u00e7on &nbsp; n\u00e9 \u00e0 La Cour-de-Rozet (Saint-Pardoux-Lavaud) le 7 septembre 1856 fils de L\u00e9onard LEPETIT, \u25bacharron \/ Marguerite CH\u00c2TEAU propri\u00e9taires cultivateurs \u25d9 Joseph \u00e9pouse Fran\u00e7oise CONCHONNET le 13 janvier 1880 \u00e0 Saint-Martin-Ch\u00e2teau (contrat Va\u00efsse \u00e0 Bourganeuf). Ils habitent La Cour-de-Rozet. Joseph travaille \u00e0 Lyon (69)\u00a0; ..<\/p>\n<div class=\"clear-fix\"><\/div>\n<p><a href=\"https:\/\/www.lesmaconsdelacreuse.fr\/annuaires\/lettre-l\/l_1536\/\" title=\"Lire la suite...\">Lire la suite<\/a><\/p>\n","protected":false},"author":6,"featured_media":0,"comment_status":"closed","ping_status":"closed","sticky":false,"template":"","format":"standard","meta":{"_acf_changed":false,"_exactmetrics_skip_tracking":false,"_exactmetrics_sitenote_active":false,"_exactmetrics_sitenote_note":"","_exactmetrics_sitenote_category":0,"footnotes":""},"categories":[19],"tags":[],"class_list":["post-8059","post","type-post","status-publish","format-standard","hentry","category-lettre-l"],"acf":[],"_links":{"self":[{"href":"https:\/\/www.lesmaconsdelacreuse.fr\/annuaires\/wp-json\/wp\/v2\/posts\/8059","targetHints":{"allow":["GET"]}}],"collection":[{"href":"https:\/\/www.lesmaconsdelacreuse.fr\/annuaires\/wp-json\/wp\/v2\/posts"}],"about":[{"href":"https:\/\/www.lesmaconsdelacreuse.fr\/annuaires\/wp-json\/wp\/v2\/types\/post"}],"author":[{"embeddable":true,"href":"https:\/\/www.lesmaconsdelacreuse.fr\/annuaires\/wp-json\/wp\/v2\/users\/6"}],"replies":[{"embeddable":true,"href":"https:\/\/www.lesmaconsdelacreuse.fr\/annuaires\/wp-json\/wp\/v2\/comments?post=8059"}],"version-history":[{"count":0,"href":"https:\/\/www.lesmaconsdelacreuse.fr\/annuaires\/wp-json\/wp\/v2\/posts\/8059\/revisions"}],"wp:attachment":[{"href":"https:\/\/www.lesmaconsdelacreuse.fr\/annuaires\/wp-json\/wp\/v2\/media?parent=8059"}],"wp:term":[{"taxonomy":"category","embeddable":true,"href":"https:\/\/www.lesmaconsdelacreuse.fr\/annuaires\/wp-json\/wp\/v2\/categories?post=8059"},{"taxonomy":"post_tag","embeddable":true,"href":"https:\/\/www.lesmaconsdelacreuse.fr\/annuaires\/wp-json\/wp\/v2\/tags?post=8059"}],"curies":[{"name":"wp","href":"https:\/\/api.w.org\/{rel}","templated":true}]}}