{"id":8067,"date":"2019-07-28T13:33:05","date_gmt":"2019-07-28T11:33:05","guid":{"rendered":"http:\/\/lesmaconsdelacreuse.fr\/annuaire\/?p=8067"},"modified":"2020-01-20T11:29:42","modified_gmt":"2020-01-20T10:29:42","slug":"l_1567","status":"publish","type":"post","link":"https:\/\/www.lesmaconsdelacreuse.fr\/annuaires\/lettre-l\/l_1567\/","title":{"rendered":"LEPETIT Pierre (1864-1944)"},"content":{"rendered":"<p class=\"last-updated\"><strong>Mis \u00e0 jour le :<\/strong> 02\/05\/2026<\/p><h2 style=\"text-align: center;\"><strong>Pierre LEPETIT<\/strong><\/h2>\n<p style=\"text-align: center;\"><strong>1864 &#8211; 1944<\/strong><\/p>\n<p style=\"text-align: center;\"><img decoding=\"async\" title=\"\" src=\"https:\/\/lesmaconsdelacreuse.fr\/annuaire\/wp-content\/uploads\/2019\/07\/image1-2198.jpg\" alt=\"\" data-source-id=\"i.0\" data-asset-id=\"8065\" \/><\/p>\n<h4 style=\"text-align: center;\"><span style=\"color: #008000;\"><strong>ma\u00e7on <\/strong>puis<strong> cantonnier<\/strong>; <strong>cultivateur<\/strong><\/span><\/h4>\n<p style=\"text-align: center;\">n\u00e9 au Planchadeau (Saint-Pierre-le-Bost)<\/p>\n<p style=\"text-align: center;\">le 3 d\u00e9cembre 1864<\/p>\n<p style=\"text-align: center;\">fils de<\/p>\n<p style=\"text-align: center;\">Jean LEPETIT, <span style=\"color: #008000;\"><strong>ma\u00e7on<\/strong><\/span><\/p>\n<p style=\"text-align: center;\">Marie-Rose CH\u00c2TAIN, cultivatrice<\/p>\n<p style=\"text-align: center;\"><span style=\"color: #ffffff;\">\u25d9<\/span><\/p>\n<p><em>Pierre, <\/em><span style=\"color: #008000;\"><strong>ma\u00e7on<\/strong><\/span><em>, \u00e9pouse Marie L\u00e9ontine <\/em><strong>DUDITLIEU<\/strong><em> le 28 f\u00e9vrier <\/em><strong>1889<\/strong> <em>\u00e0 Saint-Pierre-le-Bost (contrat Toumieux \u00e0 Roy\u00e8re). Ils habitent le village de Pramy, commune de Saint-Pierre. <\/em><\/p>\n<p><em>La m\u00eame ann\u00e9e, Pierre travaille \u00e0 <\/em><span style=\"color: #0000ff;\"><strong>Paris (75)<\/strong><\/span><em> et loge 114, rue d\u2019Al\u00e9sia;<\/em><\/p>\n<p><strong>en 1891<\/strong><em>, 23, rue Clos Suiphon.<\/em><\/p>\n<p><em> Ils d\u00e9c\u00e8dent \u00e0 Pramy\u00a0:<\/em><\/p>\n<ul>\n<li><em>Marie, le 3 octobre <\/em><strong>1930<\/strong><em>, \u00e2g\u00e9e de 65 ans<\/em><\/li>\n<li><em>Pierre, devenu <\/em><span style=\"color: #008000;\"><strong>cantonnier<\/strong><\/span><em>, le 17 d\u00e9cembre <\/em><strong>1944<\/strong><em>, \u00e2g\u00e9 de 80 ans<\/em><\/li>\n<\/ul>\n","protected":false},"excerpt":{"rendered":"<p>Mis \u00e0 jour le : 02\/05\/2026Pierre LEPETIT 1864 &#8211; 1944 ma\u00e7on puis cantonnier; cultivateur n\u00e9 au Planchadeau (Saint-Pierre-le-Bost) le 3 d\u00e9cembre 1864 fils de Jean LEPETIT, ma\u00e7on Marie-Rose CH\u00c2TAIN, cultivatrice \u25d9 Pierre, ma\u00e7on, \u00e9pouse Marie L\u00e9ontine DUDITLIEU le 28 f\u00e9vrier 1889 \u00e0 Saint-Pierre-le-Bost (contrat Toumieux \u00e0 Roy\u00e8re). Ils habitent le village de Pramy, commune de ..<\/p>\n<div class=\"clear-fix\"><\/div>\n<p><a href=\"https:\/\/www.lesmaconsdelacreuse.fr\/annuaires\/lettre-l\/l_1567\/\" title=\"Lire la suite...\">Lire la suite<\/a><\/p>\n","protected":false},"author":6,"featured_media":0,"comment_status":"closed","ping_status":"closed","sticky":false,"template":"","format":"standard","meta":{"_acf_changed":false,"_exactmetrics_skip_tracking":false,"_exactmetrics_sitenote_active":false,"_exactmetrics_sitenote_note":"","_exactmetrics_sitenote_category":0,"footnotes":""},"categories":[19],"tags":[],"class_list":["post-8067","post","type-post","status-publish","format-standard","hentry","category-lettre-l"],"acf":[],"_links":{"self":[{"href":"https:\/\/www.lesmaconsdelacreuse.fr\/annuaires\/wp-json\/wp\/v2\/posts\/8067","targetHints":{"allow":["GET"]}}],"collection":[{"href":"https:\/\/www.lesmaconsdelacreuse.fr\/annuaires\/wp-json\/wp\/v2\/posts"}],"about":[{"href":"https:\/\/www.lesmaconsdelacreuse.fr\/annuaires\/wp-json\/wp\/v2\/types\/post"}],"author":[{"embeddable":true,"href":"https:\/\/www.lesmaconsdelacreuse.fr\/annuaires\/wp-json\/wp\/v2\/users\/6"}],"replies":[{"embeddable":true,"href":"https:\/\/www.lesmaconsdelacreuse.fr\/annuaires\/wp-json\/wp\/v2\/comments?post=8067"}],"version-history":[{"count":0,"href":"https:\/\/www.lesmaconsdelacreuse.fr\/annuaires\/wp-json\/wp\/v2\/posts\/8067\/revisions"}],"wp:attachment":[{"href":"https:\/\/www.lesmaconsdelacreuse.fr\/annuaires\/wp-json\/wp\/v2\/media?parent=8067"}],"wp:term":[{"taxonomy":"category","embeddable":true,"href":"https:\/\/www.lesmaconsdelacreuse.fr\/annuaires\/wp-json\/wp\/v2\/categories?post=8067"},{"taxonomy":"post_tag","embeddable":true,"href":"https:\/\/www.lesmaconsdelacreuse.fr\/annuaires\/wp-json\/wp\/v2\/tags?post=8067"}],"curies":[{"name":"wp","href":"https:\/\/api.w.org\/{rel}","templated":true}]}}