{"id":8077,"date":"2019-07-28T13:33:04","date_gmt":"2019-07-28T11:33:04","guid":{"rendered":"http:\/\/lesmaconsdelacreuse.fr\/annuaire\/?p=8077"},"modified":"2024-02-05T14:18:03","modified_gmt":"2024-02-05T13:18:03","slug":"l_1525","status":"publish","type":"post","link":"https:\/\/www.lesmaconsdelacreuse.fr\/annuaires\/lettre-l\/l_1525\/","title":{"rendered":"LEPETIT Jean (1836-1864)"},"content":{"rendered":"<p class=\"last-updated\"><strong>Mis \u00e0 jour le :<\/strong> 02\/05\/2026<\/p><h2 style=\"text-align: center;\"><strong>Jean LEPETIT<\/strong><\/h2>\n<p style=\"text-align: center;\"><strong>1836 \u2013 1864<\/strong><\/p>\n<p style=\"text-align: center;\"><img decoding=\"async\" title=\"\" src=\"https:\/\/lesmaconsdelacreuse.fr\/annuaire\/wp-content\/uploads\/2019\/07\/image1-2203.jpg\" alt=\"\" data-source-id=\"i.0\" data-asset-id=\"8075\" \/><\/p>\n<h4 style=\"text-align: center;\"><strong><span style=\"color: #008000;\">ma\u00e7on<\/span> <\/strong><span style=\"color: #008000;\">et<strong> cultivateur<\/strong><\/span><\/h4>\n<p style=\"text-align: center;\">n\u00e9 au Planchadeau (Saint-Pierre-le-Bost)<\/p>\n<p style=\"text-align: center;\">le 7 mai 1836<\/p>\n<p style=\"text-align: center;\">fils de<\/p>\n<p style=\"text-align: center;\">L\u00e9onard LEPETIT, <span style=\"color: #008000;\"><strong>ma\u00e7on<\/strong><\/span><\/p>\n<p style=\"text-align: center;\">Fran\u00e7oise TOURAUD, cultivatrice<\/p>\n<p style=\"text-align: center;\"><span style=\"color: #ffffff;\">\u25d9<\/span><\/p>\n<p><strong>En 1857<\/strong><em>, Jean est dispens\u00e9 de service militaire comme fils unique de veuve.<\/em><\/p>\n<p><em>Il \u00e9pouse Marie-Rose <\/em><strong>CH\u00c2TAIN<\/strong><em> le 12 mars <\/em><strong>1858<\/strong><em> \u00e0 Saint-Pierre (contrat Descubes au Monteil-au-Vicomte). Ils habitent le Planchadeau.<\/em><\/p>\n<p><strong>En 1864<\/strong><em>, Jean travaille \u00e0 <\/em><span style=\"color: #0000ff;\"><strong>Paris (75)<\/strong><\/span><em> et loge 15, rue Geoffroy Saint-Hilaire, 5e arrondissement.<\/em><\/p>\n<p><em>Il d\u00e9c\u00e8de \u00e0 Paris le 14 novembre de la m\u00eame ann\u00e9e, 41, rue de la Ferme des Mathurins, 8e arrondissement, \u00e2g\u00e9 de 28 ans. (photo de la rue dans laquelle a eu lieu un accident de chantier <a href=\"https:\/\/www.lesmaconsdelacreuse.fr\/annuaires\/wp-content\/uploads\/2019\/07\/LEPETIT-Jean-lieu-de-deces.jpg\" target=\"_blank\" rel=\"noopener\">VOIR<\/a>)<\/em><\/p>\n<p><em>Sa veuve d\u00e9c\u00e8de au Planchadeau le 1er ao\u00fbt <\/em>1898<em>, \u00e2g\u00e9e de 57 ans.<\/em><\/p>\n","protected":false},"excerpt":{"rendered":"<p>Mis \u00e0 jour le : 02\/05\/2026Jean LEPETIT 1836 \u2013 1864 ma\u00e7on et cultivateur n\u00e9 au Planchadeau (Saint-Pierre-le-Bost) le 7 mai 1836 fils de L\u00e9onard LEPETIT, ma\u00e7on Fran\u00e7oise TOURAUD, cultivatrice \u25d9 En 1857, Jean est dispens\u00e9 de service militaire comme fils unique de veuve. Il \u00e9pouse Marie-Rose CH\u00c2TAIN le 12 mars 1858 \u00e0 Saint-Pierre (contrat Descubes ..<\/p>\n<div class=\"clear-fix\"><\/div>\n<p><a href=\"https:\/\/www.lesmaconsdelacreuse.fr\/annuaires\/lettre-l\/l_1525\/\" title=\"Lire la suite...\">Lire la suite<\/a><\/p>\n","protected":false},"author":6,"featured_media":0,"comment_status":"closed","ping_status":"closed","sticky":false,"template":"","format":"standard","meta":{"_acf_changed":false,"_exactmetrics_skip_tracking":false,"_exactmetrics_sitenote_active":false,"_exactmetrics_sitenote_note":"","_exactmetrics_sitenote_category":0,"footnotes":""},"categories":[19],"tags":[],"class_list":["post-8077","post","type-post","status-publish","format-standard","hentry","category-lettre-l"],"acf":[],"_links":{"self":[{"href":"https:\/\/www.lesmaconsdelacreuse.fr\/annuaires\/wp-json\/wp\/v2\/posts\/8077","targetHints":{"allow":["GET"]}}],"collection":[{"href":"https:\/\/www.lesmaconsdelacreuse.fr\/annuaires\/wp-json\/wp\/v2\/posts"}],"about":[{"href":"https:\/\/www.lesmaconsdelacreuse.fr\/annuaires\/wp-json\/wp\/v2\/types\/post"}],"author":[{"embeddable":true,"href":"https:\/\/www.lesmaconsdelacreuse.fr\/annuaires\/wp-json\/wp\/v2\/users\/6"}],"replies":[{"embeddable":true,"href":"https:\/\/www.lesmaconsdelacreuse.fr\/annuaires\/wp-json\/wp\/v2\/comments?post=8077"}],"version-history":[{"count":5,"href":"https:\/\/www.lesmaconsdelacreuse.fr\/annuaires\/wp-json\/wp\/v2\/posts\/8077\/revisions"}],"predecessor-version":[{"id":211389,"href":"https:\/\/www.lesmaconsdelacreuse.fr\/annuaires\/wp-json\/wp\/v2\/posts\/8077\/revisions\/211389"}],"wp:attachment":[{"href":"https:\/\/www.lesmaconsdelacreuse.fr\/annuaires\/wp-json\/wp\/v2\/media?parent=8077"}],"wp:term":[{"taxonomy":"category","embeddable":true,"href":"https:\/\/www.lesmaconsdelacreuse.fr\/annuaires\/wp-json\/wp\/v2\/categories?post=8077"},{"taxonomy":"post_tag","embeddable":true,"href":"https:\/\/www.lesmaconsdelacreuse.fr\/annuaires\/wp-json\/wp\/v2\/tags?post=8077"}],"curies":[{"name":"wp","href":"https:\/\/api.w.org\/{rel}","templated":true}]}}