{"id":8080,"date":"2019-07-28T13:33:04","date_gmt":"2019-07-28T11:33:04","guid":{"rendered":"http:\/\/lesmaconsdelacreuse.fr\/annuaire\/?p=8080"},"modified":"2022-01-12T12:05:43","modified_gmt":"2022-01-12T11:05:43","slug":"l_1571","status":"publish","type":"post","link":"https:\/\/www.lesmaconsdelacreuse.fr\/annuaires\/lettre-l\/l_1571\/","title":{"rendered":"LEPETIT Th\u00e9ophile (1898-1938)"},"content":{"rendered":"<p class=\"last-updated\"><strong>Mis \u00e0 jour le :<\/strong> 02\/05\/2026<\/p><h2 style=\"text-align: center;\"><strong>Th\u00e9ophile LEPETIT<\/strong><\/h2>\n<p style=\"text-align: center;\"><strong>1898 \u2013 1938<\/strong><\/p>\n<p style=\"text-align: center;\"><img loading=\"lazy\" decoding=\"async\" class=\"\" title=\"\" src=\"https:\/\/lesmaconsdelacreuse.fr\/annuaire\/wp-content\/uploads\/2019\/07\/image1-2205.jpg\" alt=\"\" width=\"191\" height=\"68\" data-source-id=\"i.0\" data-asset-id=\"8079\" \/><\/p>\n<h4 style=\"text-align: center;\"><span style=\"color: #008000;\"><strong>ma\u00e7on<\/strong><\/span><\/h4>\n<p style=\"text-align: center;\">n\u00e9 \u00e0 La Cour-de-Rozet (Saint-Pardoux-Lavaud)<\/p>\n<p style=\"text-align: center;\">le 13 ao\u00fbt 1898<\/p>\n<p style=\"text-align: center;\">fils de<\/p>\n<p style=\"text-align: center;\">Joseph LEPETIT, <span style=\"color: #008000;\"><strong>ma\u00e7on<\/strong><\/span><\/p>\n<p style=\"text-align: center;\">Fran\u00e7oise CONCHONNET, cultivatrice<\/p>\n<p style=\"text-align: center;\">fr\u00e8re jumeau d\u2019Auguste<\/p>\n<p style=\"text-align: center;\"><span style=\"color: #ffffff;\">\u25d9<\/span><\/p>\n<p><strong>En 1921<\/strong><em>, Th\u00e9ophile travaille \u00e0 <\/em><span style=\"color: #0000ff;\"><strong>Lyon (69)<\/strong><\/span><em>, et loge 9, rue des Trois Rois.<\/em><\/p>\n<p><em> Il \u00e9pouse Jeanne <\/em><strong>BARRET<\/strong><em> le 2 f\u00e9vrier <\/em><strong>1922<\/strong> <em>\u00e0 Saint-Pardoux (mari\u00e9s sans contrat). <\/em><\/p>\n<p><strong>En 1927<\/strong><em>, il habite Lyon, 124, cours Lafayette.<\/em><\/p>\n<p><em>Toujours domicili\u00e9 \u00e0 la m\u00eame adresse, il vient mourir \u00e0 La Cour le 4 avril <\/em><strong>1938<\/strong><em>, \u00e2g\u00e9 de 39 ans. Jeanne y d\u00e9c\u00e8de \u00e9galement, le 27 mai <\/em>1966<em>, \u00e2g\u00e9e de 65 ans.<\/em><\/p>\n","protected":false},"excerpt":{"rendered":"<p>Mis \u00e0 jour le : 02\/05\/2026Th\u00e9ophile LEPETIT 1898 \u2013 1938 ma\u00e7on n\u00e9 \u00e0 La Cour-de-Rozet (Saint-Pardoux-Lavaud) le 13 ao\u00fbt 1898 fils de Joseph LEPETIT, ma\u00e7on Fran\u00e7oise CONCHONNET, cultivatrice fr\u00e8re jumeau d\u2019Auguste \u25d9 En 1921, Th\u00e9ophile travaille \u00e0 Lyon (69), et loge 9, rue des Trois Rois. Il \u00e9pouse Jeanne BARRET le 2 f\u00e9vrier 1922 \u00e0 ..<\/p>\n<div class=\"clear-fix\"><\/div>\n<p><a href=\"https:\/\/www.lesmaconsdelacreuse.fr\/annuaires\/lettre-l\/l_1571\/\" title=\"Lire la suite...\">Lire la suite<\/a><\/p>\n","protected":false},"author":6,"featured_media":0,"comment_status":"closed","ping_status":"closed","sticky":false,"template":"","format":"standard","meta":{"_acf_changed":false,"_exactmetrics_skip_tracking":false,"_exactmetrics_sitenote_active":false,"_exactmetrics_sitenote_note":"","_exactmetrics_sitenote_category":0,"footnotes":""},"categories":[19],"tags":[],"class_list":["post-8080","post","type-post","status-publish","format-standard","hentry","category-lettre-l"],"acf":[],"_links":{"self":[{"href":"https:\/\/www.lesmaconsdelacreuse.fr\/annuaires\/wp-json\/wp\/v2\/posts\/8080","targetHints":{"allow":["GET"]}}],"collection":[{"href":"https:\/\/www.lesmaconsdelacreuse.fr\/annuaires\/wp-json\/wp\/v2\/posts"}],"about":[{"href":"https:\/\/www.lesmaconsdelacreuse.fr\/annuaires\/wp-json\/wp\/v2\/types\/post"}],"author":[{"embeddable":true,"href":"https:\/\/www.lesmaconsdelacreuse.fr\/annuaires\/wp-json\/wp\/v2\/users\/6"}],"replies":[{"embeddable":true,"href":"https:\/\/www.lesmaconsdelacreuse.fr\/annuaires\/wp-json\/wp\/v2\/comments?post=8080"}],"version-history":[{"count":1,"href":"https:\/\/www.lesmaconsdelacreuse.fr\/annuaires\/wp-json\/wp\/v2\/posts\/8080\/revisions"}],"predecessor-version":[{"id":193953,"href":"https:\/\/www.lesmaconsdelacreuse.fr\/annuaires\/wp-json\/wp\/v2\/posts\/8080\/revisions\/193953"}],"wp:attachment":[{"href":"https:\/\/www.lesmaconsdelacreuse.fr\/annuaires\/wp-json\/wp\/v2\/media?parent=8080"}],"wp:term":[{"taxonomy":"category","embeddable":true,"href":"https:\/\/www.lesmaconsdelacreuse.fr\/annuaires\/wp-json\/wp\/v2\/categories?post=8080"},{"taxonomy":"post_tag","embeddable":true,"href":"https:\/\/www.lesmaconsdelacreuse.fr\/annuaires\/wp-json\/wp\/v2\/tags?post=8080"}],"curies":[{"name":"wp","href":"https:\/\/api.w.org\/{rel}","templated":true}]}}