{"id":8085,"date":"2019-07-28T13:33:04","date_gmt":"2019-07-28T11:33:04","guid":{"rendered":"http:\/\/lesmaconsdelacreuse.fr\/annuaire\/?p=8085"},"modified":"2020-10-03T13:54:53","modified_gmt":"2020-10-03T11:54:53","slug":"l_1508","status":"publish","type":"post","link":"https:\/\/www.lesmaconsdelacreuse.fr\/annuaires\/lettre-l\/l_1508\/","title":{"rendered":"LEPETIT Fran\u00e7ois (1845-1912)"},"content":{"rendered":"<p class=\"last-updated\"><strong>Mis \u00e0 jour le :<\/strong> 02\/05\/2026<\/p><h2 style=\"text-align: center;\"><strong>Fran\u00e7ois LEPETIT<\/strong><\/h2>\n<p style=\"text-align: center;\"><strong>1845 \u2013 1912<\/strong><\/p>\n<p style=\"text-align: center;\"><img decoding=\"async\" title=\"\" src=\"https:\/\/lesmaconsdelacreuse.fr\/annuaire\/wp-content\/uploads\/2019\/07\/image1-2206.jpg\" alt=\"\" data-source-id=\"i.0\" data-asset-id=\"8084\" \/><\/p>\n<h4 style=\"text-align: center;\"><span style=\"color: #008000;\"><strong>ma\u00e7on<\/strong> et \u25ba<a href=\"https:\/\/www.lesmaconsdelacreuse.fr\/annuaires\/wp-content\/uploads\/2020\/08\/SCIEUR-DE-LONG.png\" target=\"_blank\" rel=\"noopener noreferrer\"><strong><span style=\"color: #008000;\">scieur de long<\/span><\/strong><\/a>; <strong>propri\u00e9taire cultivateur<\/strong><\/span><\/h4>\n<p>&nbsp;<\/p>\n<p style=\"text-align: center;\">n\u00e9 \u00e0 Pramy (Saint-Pierre-le-Bost)<\/p>\n<p style=\"text-align: center;\">le 9 novembre 1845<\/p>\n<p style=\"text-align: center;\">fils de<\/p>\n<p style=\"text-align: center;\">Pierre LEPETIT, <span style=\"color: #008000;\"><strong>ma\u00e7on <\/strong><\/span><strong>\/ <\/strong>Marie POUCHONNAUD<\/p>\n<p style=\"text-align: center;\">propri\u00e9taires cultivateurs<\/p>\n<p style=\"text-align: center;\"><span style=\"color: #ffffff;\">\u25d9<\/span><\/p>\n<p><strong>En 1866<\/strong><em>, Fran\u00e7ois est exempt\u00e9 de service militaire comme fils unique d\u2019un septuag\u00e9naire.<\/em><\/p>\n<p><em>Il \u00e9pouse Marie <\/em><strong>CL\u00c9MENT<\/strong><em> le 5 avril de la m\u00eame ann\u00e9e<\/em> <em>\u00e0 Saint-Pierre (contrat Gloumeau au Monteil-au-Vicomte).<\/em><\/p>\n<p><em>Marie d\u00e9c\u00e8de \u00e0 Pramy le 8 avril <\/em><strong>1871<\/strong><em>, \u00e2g\u00e9e de 24 ans. <\/em><\/p>\n<p><em>Fran\u00e7ois se remarie le 1er f\u00e9vrier <\/em><strong>1873<\/strong><em> \u00e0 Saint-Pierre-le-Bost avec Jeanne Marie <\/em><strong>LEGROS <\/strong><em>(contrat Laville au Monteil-au-Vicomte). Ils habitent Pramy.<\/em><\/p>\n<p><em>Ils y d\u00e9c\u00e8dent\u00a0:<\/em><\/p>\n<ul>\n<li><em>Jeanne, le 2 mai <\/em><strong>1906<\/strong><em><strong>,<\/strong> \u00e2g\u00e9e de 62 ans<\/em><\/li>\n<li><em>Fran\u00e7ois, le 5 mai <\/em><strong>1912<\/strong><em>, \u00e2g\u00e9 de 66 ans<\/em><\/li>\n<\/ul>\n<p>&nbsp;<\/p>\n","protected":false},"excerpt":{"rendered":"<p>Mis \u00e0 jour le : 02\/05\/2026Fran\u00e7ois LEPETIT 1845 \u2013 1912 ma\u00e7on et \u25bascieur de long; propri\u00e9taire cultivateur &nbsp; n\u00e9 \u00e0 Pramy (Saint-Pierre-le-Bost) le 9 novembre 1845 fils de Pierre LEPETIT, ma\u00e7on \/ Marie POUCHONNAUD propri\u00e9taires cultivateurs \u25d9 En 1866, Fran\u00e7ois est exempt\u00e9 de service militaire comme fils unique d\u2019un septuag\u00e9naire. Il \u00e9pouse Marie CL\u00c9MENT le ..<\/p>\n<div class=\"clear-fix\"><\/div>\n<p><a href=\"https:\/\/www.lesmaconsdelacreuse.fr\/annuaires\/lettre-l\/l_1508\/\" title=\"Lire la suite...\">Lire la suite<\/a><\/p>\n","protected":false},"author":6,"featured_media":0,"comment_status":"closed","ping_status":"closed","sticky":false,"template":"","format":"standard","meta":{"_acf_changed":false,"_exactmetrics_skip_tracking":false,"_exactmetrics_sitenote_active":false,"_exactmetrics_sitenote_note":"","_exactmetrics_sitenote_category":0,"footnotes":""},"categories":[19],"tags":[],"class_list":["post-8085","post","type-post","status-publish","format-standard","hentry","category-lettre-l"],"acf":[],"_links":{"self":[{"href":"https:\/\/www.lesmaconsdelacreuse.fr\/annuaires\/wp-json\/wp\/v2\/posts\/8085","targetHints":{"allow":["GET"]}}],"collection":[{"href":"https:\/\/www.lesmaconsdelacreuse.fr\/annuaires\/wp-json\/wp\/v2\/posts"}],"about":[{"href":"https:\/\/www.lesmaconsdelacreuse.fr\/annuaires\/wp-json\/wp\/v2\/types\/post"}],"author":[{"embeddable":true,"href":"https:\/\/www.lesmaconsdelacreuse.fr\/annuaires\/wp-json\/wp\/v2\/users\/6"}],"replies":[{"embeddable":true,"href":"https:\/\/www.lesmaconsdelacreuse.fr\/annuaires\/wp-json\/wp\/v2\/comments?post=8085"}],"version-history":[{"count":0,"href":"https:\/\/www.lesmaconsdelacreuse.fr\/annuaires\/wp-json\/wp\/v2\/posts\/8085\/revisions"}],"wp:attachment":[{"href":"https:\/\/www.lesmaconsdelacreuse.fr\/annuaires\/wp-json\/wp\/v2\/media?parent=8085"}],"wp:term":[{"taxonomy":"category","embeddable":true,"href":"https:\/\/www.lesmaconsdelacreuse.fr\/annuaires\/wp-json\/wp\/v2\/categories?post=8085"},{"taxonomy":"post_tag","embeddable":true,"href":"https:\/\/www.lesmaconsdelacreuse.fr\/annuaires\/wp-json\/wp\/v2\/tags?post=8085"}],"curies":[{"name":"wp","href":"https:\/\/api.w.org\/{rel}","templated":true}]}}