{"id":8092,"date":"2019-07-28T13:33:04","date_gmt":"2019-07-28T11:33:04","guid":{"rendered":"http:\/\/lesmaconsdelacreuse.fr\/annuaire\/?p=8092"},"modified":"2020-10-03T14:12:58","modified_gmt":"2020-10-03T12:12:58","slug":"l_1538","status":"publish","type":"post","link":"https:\/\/www.lesmaconsdelacreuse.fr\/annuaires\/lettre-l\/l_1538\/","title":{"rendered":"LEPETIT Joseph Victor (1862-1914)"},"content":{"rendered":"<p class=\"last-updated\"><strong>Mis \u00e0 jour le :<\/strong> 02\/05\/2026<\/p><h2 style=\"text-align: center;\"><strong>Joseph Victor LEPETIT<\/strong><\/h2>\n<p style=\"text-align: center;\"><strong>Victor LEPETIT<\/strong><\/p>\n<p style=\"text-align: center;\"><strong>1862 \u2013 1914<\/strong><\/p>\n<p style=\"text-align: center;\"><img decoding=\"async\" title=\"\" src=\"https:\/\/lesmaconsdelacreuse.fr\/annuaire\/wp-content\/uploads\/2019\/07\/image1-2209.jpg\" alt=\"\" data-source-id=\"i.0\" data-asset-id=\"8090\" \/><\/p>\n<h4 style=\"text-align: center;\"><span style=\"color: #008000;\"><strong>ma\u00e7on<\/strong> et <strong>\u25ba<a href=\"https:\/\/www.lesmaconsdelacreuse.fr\/annuaires\/wp-content\/uploads\/2020\/08\/SCIEUR-DE-LONG.png\" target=\"_blank\" rel=\"noopener noreferrer\"><span style=\"color: #008000;\">scieur de long<\/span><\/a><\/strong>;\u00a0<strong>cultivateur<\/strong><\/span><\/h4>\n<p>&nbsp;<\/p>\n<p style=\"text-align: center;\">n\u00e9 au Planchadeau (Saint-Pierre-le-Bost)<\/p>\n<p style=\"text-align: center;\">le 10 juin 1862<\/p>\n<p style=\"text-align: center;\">fils de<\/p>\n<p style=\"text-align: center;\">Jean LEPETIT, <span style=\"color: #008000;\"><strong>ma\u00e7on<\/strong><\/span><\/p>\n<p style=\"text-align: center;\">Marie Rose CH\u00c2TAIN, cultivatrice<\/p>\n<p style=\"text-align: center;\"><span style=\"color: #ffffff;\">\u25d9<\/span><\/p>\n<p><strong>En 1883<\/strong><em>, Victor est dispens\u00e9 de service militaire, comme fils a\u00een\u00e9 de veuve.<\/em><\/p>\n<p><em>Il \u00e9pouse Marguerite Augustine <\/em><strong>BERGER<\/strong><em> le 25 septembre de la m\u00eame ann\u00e9e<\/em> <em>\u00e0 Saint-Pierre (contrat Magadoux \u00e0 Saint-Martin-Ch\u00e2teau).<\/em><\/p>\n<p><em> Ils habitent le village du Planchadeau.<\/em><\/p>\n<p><em>Ils d\u00e9c\u00e8dent\u00a0:<\/em><\/p>\n<ul>\n<li><em>Victor, au Planchadeau, le 17 d\u00e9cembre <\/em><strong>1914<\/strong><em>, \u00e2g\u00e9 de 52 ans<\/em><\/li>\n<li><em>Marguerite, \u00e0 Paris 5e, le 2 ao\u00fbt <\/em><strong>1950<\/strong>,<em> \u00e2g\u00e9e de 86 ans<\/em><\/li>\n<\/ul>\n<p>&nbsp;<\/p>\n","protected":false},"excerpt":{"rendered":"<p>Mis \u00e0 jour le : 02\/05\/2026Joseph Victor LEPETIT Victor LEPETIT 1862 \u2013 1914 ma\u00e7on et \u25bascieur de long;\u00a0cultivateur &nbsp; n\u00e9 au Planchadeau (Saint-Pierre-le-Bost) le 10 juin 1862 fils de Jean LEPETIT, ma\u00e7on Marie Rose CH\u00c2TAIN, cultivatrice \u25d9 En 1883, Victor est dispens\u00e9 de service militaire, comme fils a\u00een\u00e9 de veuve. Il \u00e9pouse Marguerite Augustine BERGER ..<\/p>\n<div class=\"clear-fix\"><\/div>\n<p><a href=\"https:\/\/www.lesmaconsdelacreuse.fr\/annuaires\/lettre-l\/l_1538\/\" title=\"Lire la suite...\">Lire la suite<\/a><\/p>\n","protected":false},"author":6,"featured_media":0,"comment_status":"closed","ping_status":"closed","sticky":false,"template":"","format":"standard","meta":{"_acf_changed":false,"_exactmetrics_skip_tracking":false,"_exactmetrics_sitenote_active":false,"_exactmetrics_sitenote_note":"","_exactmetrics_sitenote_category":0,"footnotes":""},"categories":[19],"tags":[],"class_list":["post-8092","post","type-post","status-publish","format-standard","hentry","category-lettre-l"],"acf":[],"_links":{"self":[{"href":"https:\/\/www.lesmaconsdelacreuse.fr\/annuaires\/wp-json\/wp\/v2\/posts\/8092","targetHints":{"allow":["GET"]}}],"collection":[{"href":"https:\/\/www.lesmaconsdelacreuse.fr\/annuaires\/wp-json\/wp\/v2\/posts"}],"about":[{"href":"https:\/\/www.lesmaconsdelacreuse.fr\/annuaires\/wp-json\/wp\/v2\/types\/post"}],"author":[{"embeddable":true,"href":"https:\/\/www.lesmaconsdelacreuse.fr\/annuaires\/wp-json\/wp\/v2\/users\/6"}],"replies":[{"embeddable":true,"href":"https:\/\/www.lesmaconsdelacreuse.fr\/annuaires\/wp-json\/wp\/v2\/comments?post=8092"}],"version-history":[{"count":0,"href":"https:\/\/www.lesmaconsdelacreuse.fr\/annuaires\/wp-json\/wp\/v2\/posts\/8092\/revisions"}],"wp:attachment":[{"href":"https:\/\/www.lesmaconsdelacreuse.fr\/annuaires\/wp-json\/wp\/v2\/media?parent=8092"}],"wp:term":[{"taxonomy":"category","embeddable":true,"href":"https:\/\/www.lesmaconsdelacreuse.fr\/annuaires\/wp-json\/wp\/v2\/categories?post=8092"},{"taxonomy":"post_tag","embeddable":true,"href":"https:\/\/www.lesmaconsdelacreuse.fr\/annuaires\/wp-json\/wp\/v2\/tags?post=8092"}],"curies":[{"name":"wp","href":"https:\/\/api.w.org\/{rel}","templated":true}]}}