{"id":8094,"date":"2019-07-28T13:33:03","date_gmt":"2019-07-28T11:33:03","guid":{"rendered":"http:\/\/lesmaconsdelacreuse.fr\/annuaire\/?p=8094"},"modified":"2020-02-10T20:19:40","modified_gmt":"2020-02-10T19:19:40","slug":"l_1512","status":"publish","type":"post","link":"https:\/\/www.lesmaconsdelacreuse.fr\/annuaires\/lettre-l\/l_1512\/","title":{"rendered":"LEPETIT Gabriel (1829-1853)"},"content":{"rendered":"<p class=\"last-updated\"><strong>Mis \u00e0 jour le :<\/strong> 02\/05\/2026<\/p><h2 style=\"text-align: center;\"><strong>Gabriel LEPETIT<\/strong><\/h2>\n<p style=\"text-align: center;\"><strong>1829 &#8211; 1853<\/strong><\/p>\n<h4 style=\"text-align: center;\"><span style=\"color: #008000;\"><strong>ma\u00e7on<\/strong><\/span><\/h4>\n<p style=\"text-align: center;\">n\u00e9 \u00e0 Auchaise (Roy\u00e8re)<\/p>\n<p style=\"text-align: center;\">le 8 octobre 1829<\/p>\n<p style=\"text-align: center;\">fils de<\/p>\n<p style=\"text-align: center;\">L\u00e9onard LEPETIT \/ Jeanne LAMARSALLE<\/p>\n<p style=\"text-align: center;\">cultivateurs<\/p>\n<p style=\"text-align: center;\"><span style=\"color: #ffffff;\">\u25d9<\/span><\/p>\n<p><strong>En 1853<\/strong><em>, Gabriel travaille comme ma\u00e7on chez M. Vergniau \u00e0 <\/em><strong><span style=\"color: #0000ff;\">Saint-Germain-au-Mont-d\u2019Or (69)<\/span><\/strong><\/p>\n<p><em>Il d\u00e9c\u00e8de <\/em><strong>c\u00e9libataire<\/strong><em> \u00e0 \u25ba<a target=\"_blank\"href=\"https:\/\/www.lesmaconsdelacreuse.fr\/annuaires\/\/uploads\/photos\/LYON_-_Hopital_de_lHotel-Dieu.jpg\">l\u2019H\u00f4tel-Dieu<\/a> de Lyon le 18 septembre de la m\u00eame ann\u00e9e, \u00e2g\u00e9 de 23 ans.<\/em><\/p>\n","protected":false},"excerpt":{"rendered":"<p>Mis \u00e0 jour le : 02\/05\/2026Gabriel LEPETIT 1829 &#8211; 1853 ma\u00e7on n\u00e9 \u00e0 Auchaise (Roy\u00e8re) le 8 octobre 1829 fils de L\u00e9onard LEPETIT \/ Jeanne LAMARSALLE cultivateurs \u25d9 En 1853, Gabriel travaille comme ma\u00e7on chez M. Vergniau \u00e0 Saint-Germain-au-Mont-d\u2019Or (69) Il d\u00e9c\u00e8de c\u00e9libataire \u00e0 \u25bal\u2019H\u00f4tel-Dieu de Lyon le 18 septembre de la m\u00eame ann\u00e9e, \u00e2g\u00e9 ..<\/p>\n<div class=\"clear-fix\"><\/div>\n<p><a href=\"https:\/\/www.lesmaconsdelacreuse.fr\/annuaires\/lettre-l\/l_1512\/\" title=\"Lire la suite...\">Lire la suite<\/a><\/p>\n","protected":false},"author":6,"featured_media":0,"comment_status":"closed","ping_status":"closed","sticky":false,"template":"","format":"standard","meta":{"_acf_changed":false,"_exactmetrics_skip_tracking":false,"_exactmetrics_sitenote_active":false,"_exactmetrics_sitenote_note":"","_exactmetrics_sitenote_category":0,"footnotes":""},"categories":[19],"tags":[],"class_list":["post-8094","post","type-post","status-publish","format-standard","hentry","category-lettre-l"],"acf":[],"_links":{"self":[{"href":"https:\/\/www.lesmaconsdelacreuse.fr\/annuaires\/wp-json\/wp\/v2\/posts\/8094","targetHints":{"allow":["GET"]}}],"collection":[{"href":"https:\/\/www.lesmaconsdelacreuse.fr\/annuaires\/wp-json\/wp\/v2\/posts"}],"about":[{"href":"https:\/\/www.lesmaconsdelacreuse.fr\/annuaires\/wp-json\/wp\/v2\/types\/post"}],"author":[{"embeddable":true,"href":"https:\/\/www.lesmaconsdelacreuse.fr\/annuaires\/wp-json\/wp\/v2\/users\/6"}],"replies":[{"embeddable":true,"href":"https:\/\/www.lesmaconsdelacreuse.fr\/annuaires\/wp-json\/wp\/v2\/comments?post=8094"}],"version-history":[{"count":0,"href":"https:\/\/www.lesmaconsdelacreuse.fr\/annuaires\/wp-json\/wp\/v2\/posts\/8094\/revisions"}],"wp:attachment":[{"href":"https:\/\/www.lesmaconsdelacreuse.fr\/annuaires\/wp-json\/wp\/v2\/media?parent=8094"}],"wp:term":[{"taxonomy":"category","embeddable":true,"href":"https:\/\/www.lesmaconsdelacreuse.fr\/annuaires\/wp-json\/wp\/v2\/categories?post=8094"},{"taxonomy":"post_tag","embeddable":true,"href":"https:\/\/www.lesmaconsdelacreuse.fr\/annuaires\/wp-json\/wp\/v2\/tags?post=8094"}],"curies":[{"name":"wp","href":"https:\/\/api.w.org\/{rel}","templated":true}]}}