{"id":8099,"date":"2019-07-28T13:33:03","date_gmt":"2019-07-28T11:33:03","guid":{"rendered":"http:\/\/lesmaconsdelacreuse.fr\/annuaire\/?p=8099"},"modified":"2020-09-27T08:01:59","modified_gmt":"2020-09-27T06:01:59","slug":"l_1526","status":"publish","type":"post","link":"https:\/\/www.lesmaconsdelacreuse.fr\/annuaires\/lettre-l\/l_1526\/","title":{"rendered":"LEPETIT Jean (1842-1859)"},"content":{"rendered":"<p class=\"last-updated\"><strong>Mis \u00e0 jour le :<\/strong> 02\/05\/2026<\/p><h2 style=\"text-align: center;\"><strong>Jean LEPETIT<\/strong><\/h2>\n<p style=\"text-align: center;\"><strong>1842 &#8211; 1859<\/strong><\/p>\n<p>&nbsp;<\/p>\n<h4 style=\"text-align: center;\"><strong><span style=\"color: #008000;\"><em>\u25ba<\/em><\/span><a href=\"https:\/\/www.lesmaconsdelacreuse.fr\/annuaires\/wp-content\/uploads\/2019\/08\/AIDE-MA\u00c7ON.png\" target=\"_blank\" rel=\"noopener noreferrer\"><span style=\"color: #008000;\">aide-ma\u00e7on<\/span><\/a><\/strong><\/h4>\n<h4 style=\"text-align: center;\"><strong><span style=\"color: #008000;\">\u00a0<\/span><\/strong><\/h4>\n<p style=\"text-align: center;\">n\u00e9 au Planchadeau (Saint-Pierre-le-Bost)<\/p>\n<p style=\"text-align: center;\">le 14 ao\u00fbt 1842<\/p>\n<p style=\"text-align: center;\">fils de<\/p>\n<p style=\"text-align: center;\">Christophe LEPETIT, <span style=\"color: #008000;\"><strong>ma\u00e7on <\/strong><\/span><strong>\/ <\/strong>Marguerite BERGER<\/p>\n<p style=\"text-align: center;\">propri\u00e9taires cultivateurs<\/p>\n<p style=\"text-align: center;\"><span style=\"color: #ffffff;\">\u25d9<\/span><\/p>\n<p><em>Jean d\u00e9c\u00e8de au Planchadeau le 13 octobre <\/em><strong>1859<\/strong><em> \u00e2g\u00e9 de 17 ans.<\/em><\/p>\n<p>&nbsp;<\/p>\n","protected":false},"excerpt":{"rendered":"<p>Mis \u00e0 jour le : 02\/05\/2026Jean LEPETIT 1842 &#8211; 1859 &nbsp; \u25baaide-ma\u00e7on \u00a0 n\u00e9 au Planchadeau (Saint-Pierre-le-Bost) le 14 ao\u00fbt 1842 fils de Christophe LEPETIT, ma\u00e7on \/ Marguerite BERGER propri\u00e9taires cultivateurs \u25d9 Jean d\u00e9c\u00e8de au Planchadeau le 13 octobre 1859 \u00e2g\u00e9 de 17 a..<\/p>\n<div class=\"clear-fix\"><\/div>\n<p><a href=\"https:\/\/www.lesmaconsdelacreuse.fr\/annuaires\/lettre-l\/l_1526\/\" title=\"Lire la suite...\">Lire la suite<\/a><\/p>\n","protected":false},"author":6,"featured_media":0,"comment_status":"closed","ping_status":"closed","sticky":false,"template":"","format":"standard","meta":{"_acf_changed":false,"_exactmetrics_skip_tracking":false,"_exactmetrics_sitenote_active":false,"_exactmetrics_sitenote_note":"","_exactmetrics_sitenote_category":0,"footnotes":""},"categories":[19],"tags":[],"class_list":["post-8099","post","type-post","status-publish","format-standard","hentry","category-lettre-l"],"acf":[],"_links":{"self":[{"href":"https:\/\/www.lesmaconsdelacreuse.fr\/annuaires\/wp-json\/wp\/v2\/posts\/8099","targetHints":{"allow":["GET"]}}],"collection":[{"href":"https:\/\/www.lesmaconsdelacreuse.fr\/annuaires\/wp-json\/wp\/v2\/posts"}],"about":[{"href":"https:\/\/www.lesmaconsdelacreuse.fr\/annuaires\/wp-json\/wp\/v2\/types\/post"}],"author":[{"embeddable":true,"href":"https:\/\/www.lesmaconsdelacreuse.fr\/annuaires\/wp-json\/wp\/v2\/users\/6"}],"replies":[{"embeddable":true,"href":"https:\/\/www.lesmaconsdelacreuse.fr\/annuaires\/wp-json\/wp\/v2\/comments?post=8099"}],"version-history":[{"count":0,"href":"https:\/\/www.lesmaconsdelacreuse.fr\/annuaires\/wp-json\/wp\/v2\/posts\/8099\/revisions"}],"wp:attachment":[{"href":"https:\/\/www.lesmaconsdelacreuse.fr\/annuaires\/wp-json\/wp\/v2\/media?parent=8099"}],"wp:term":[{"taxonomy":"category","embeddable":true,"href":"https:\/\/www.lesmaconsdelacreuse.fr\/annuaires\/wp-json\/wp\/v2\/categories?post=8099"},{"taxonomy":"post_tag","embeddable":true,"href":"https:\/\/www.lesmaconsdelacreuse.fr\/annuaires\/wp-json\/wp\/v2\/tags?post=8099"}],"curies":[{"name":"wp","href":"https:\/\/api.w.org\/{rel}","templated":true}]}}