{"id":8114,"date":"2019-07-28T13:33:02","date_gmt":"2019-07-28T11:33:02","guid":{"rendered":"http:\/\/lesmaconsdelacreuse.fr\/annuaire\/?p=8114"},"modified":"2020-01-20T11:29:48","modified_gmt":"2020-01-20T10:29:48","slug":"l_1537","status":"publish","type":"post","link":"https:\/\/www.lesmaconsdelacreuse.fr\/annuaires\/lettre-l\/l_1537\/","title":{"rendered":"LEPETIT Joseph (1888-1949)"},"content":{"rendered":"<p class=\"last-updated\"><strong>Mis \u00e0 jour le :<\/strong> 02\/05\/2026<\/p><h2 style=\"text-align: center;\"><strong>Joseph LEPETIT<\/strong><\/h2>\n<p style=\"text-align: center;\"><strong>1888 &#8211; 1949<\/strong><\/p>\n<h4 style=\"text-align: center;\"><span style=\"color: #008000;\"><strong>ma\u00e7on<\/strong><\/span><\/h4>\n<p style=\"text-align: center;\">n\u00e9 \u00e0 La Cour-de-Rozet (Saint-Pardoux-Lavaud)<\/p>\n<p style=\"text-align: center;\">le 25 mars 1888<\/p>\n<p style=\"text-align: center;\">fils de<\/p>\n<p style=\"text-align: center;\">Joseph LEPETIT, <span style=\"color: #008000;\"><strong>ma\u00e7on<\/strong><\/span><\/p>\n<p style=\"text-align: center;\">Fran\u00e7oise CONCHONNET, cultivatrice<\/p>\n<p style=\"text-align: center;\"><span style=\"color: #ffffff;\">\u25d9<\/span><\/p>\n<p><strong>En 1909<\/strong><em>, Joseph travaille dans le <\/em><span style=\"color: #0000ff;\"><strong>Rh\u00f4ne <\/strong><\/span><em>et y passe le conseil de r\u00e9vision. Il s\u2019y pr\u00e9sente avec une fracture de la jambe gauche et une paralysie partielle de l\u2019\u0153il droit. D\u2019abord ajourn\u00e9 pour faiblesse, il est jug\u00e9 apte en 1910.<\/em><\/p>\n<p><strong>En 1913<\/strong><em>, il habite <\/em><span style=\"color: #0000ff;\"><strong>Lyon (69)<\/strong><\/span><em> 205, rue Cr\u00e9qui\u00a0;<\/em><\/p>\n<p>d\u00e9but <strong>1914<\/strong><em>, 21, rue du Mail. <\/em><\/p>\n<p><em>Revenu de la guerre, on le trouve\u00a0:<\/em><\/p>\n<p><strong>en 1919<\/strong><em>, \u00e0 Lyon, 175, rue Cr\u00e9qui\u00a0;<\/em><\/p>\n<p><strong>en 1924<\/strong><em> \u00e0 <\/em><span style=\"color: #0000ff;\"><strong>Vourles (69)<\/strong><\/span><em>.<\/em><\/p>\n<p><em> Il \u00e9pouse Marie <\/em><strong>JAURY<\/strong><em>\u00a0 le 13 ao\u00fbt <\/em><strong>1929<\/strong><em> \u00e0 Charly (69) .<\/em><\/p>\n<p><em>Il d\u00e9c\u00e8de \u00e0 <\/em><span style=\"color: #0000ff;\"><strong>Albigny-sur-Sa\u00f4ne (69)<\/strong><\/span><em> le 16 juillet <\/em><strong>1949<\/strong><em>, \u00e2g\u00e9 de 61 ans.<\/em><\/p>\n","protected":false},"excerpt":{"rendered":"<p>Mis \u00e0 jour le : 02\/05\/2026Joseph LEPETIT 1888 &#8211; 1949 ma\u00e7on n\u00e9 \u00e0 La Cour-de-Rozet (Saint-Pardoux-Lavaud) le 25 mars 1888 fils de Joseph LEPETIT, ma\u00e7on Fran\u00e7oise CONCHONNET, cultivatrice \u25d9 En 1909, Joseph travaille dans le Rh\u00f4ne et y passe le conseil de r\u00e9vision. Il s\u2019y pr\u00e9sente avec une fracture de la jambe gauche et une ..<\/p>\n<div class=\"clear-fix\"><\/div>\n<p><a href=\"https:\/\/www.lesmaconsdelacreuse.fr\/annuaires\/lettre-l\/l_1537\/\" title=\"Lire la suite...\">Lire la suite<\/a><\/p>\n","protected":false},"author":6,"featured_media":0,"comment_status":"closed","ping_status":"closed","sticky":false,"template":"","format":"standard","meta":{"_acf_changed":false,"_exactmetrics_skip_tracking":false,"_exactmetrics_sitenote_active":false,"_exactmetrics_sitenote_note":"","_exactmetrics_sitenote_category":0,"footnotes":""},"categories":[19],"tags":[],"class_list":["post-8114","post","type-post","status-publish","format-standard","hentry","category-lettre-l"],"acf":[],"_links":{"self":[{"href":"https:\/\/www.lesmaconsdelacreuse.fr\/annuaires\/wp-json\/wp\/v2\/posts\/8114","targetHints":{"allow":["GET"]}}],"collection":[{"href":"https:\/\/www.lesmaconsdelacreuse.fr\/annuaires\/wp-json\/wp\/v2\/posts"}],"about":[{"href":"https:\/\/www.lesmaconsdelacreuse.fr\/annuaires\/wp-json\/wp\/v2\/types\/post"}],"author":[{"embeddable":true,"href":"https:\/\/www.lesmaconsdelacreuse.fr\/annuaires\/wp-json\/wp\/v2\/users\/6"}],"replies":[{"embeddable":true,"href":"https:\/\/www.lesmaconsdelacreuse.fr\/annuaires\/wp-json\/wp\/v2\/comments?post=8114"}],"version-history":[{"count":0,"href":"https:\/\/www.lesmaconsdelacreuse.fr\/annuaires\/wp-json\/wp\/v2\/posts\/8114\/revisions"}],"wp:attachment":[{"href":"https:\/\/www.lesmaconsdelacreuse.fr\/annuaires\/wp-json\/wp\/v2\/media?parent=8114"}],"wp:term":[{"taxonomy":"category","embeddable":true,"href":"https:\/\/www.lesmaconsdelacreuse.fr\/annuaires\/wp-json\/wp\/v2\/categories?post=8114"},{"taxonomy":"post_tag","embeddable":true,"href":"https:\/\/www.lesmaconsdelacreuse.fr\/annuaires\/wp-json\/wp\/v2\/tags?post=8114"}],"curies":[{"name":"wp","href":"https:\/\/api.w.org\/{rel}","templated":true}]}}