{"id":8115,"date":"2019-07-28T13:33:02","date_gmt":"2019-07-28T11:33:02","guid":{"rendered":"http:\/\/lesmaconsdelacreuse.fr\/annuaire\/?p=8115"},"modified":"2020-09-23T14:56:49","modified_gmt":"2020-09-23T12:56:49","slug":"l_1548","status":"publish","type":"post","link":"https:\/\/www.lesmaconsdelacreuse.fr\/annuaires\/lettre-l\/l_1548\/","title":{"rendered":"LEPETIT L\u00e9onard (1859-1925)"},"content":{"rendered":"<p class=\"last-updated\"><strong>Mis \u00e0 jour le :<\/strong> 02\/05\/2026<\/p><h2 style=\"text-align: center;\"><strong>L\u00e9onard LEPETIT<\/strong><\/h2>\n<p style=\"text-align: center;\"><strong>1859 \u2013 1925<\/strong><\/p>\n<p style=\"text-align: center;\"><img decoding=\"async\" title=\"\" src=\"https:\/\/lesmaconsdelacreuse.fr\/annuaire\/wp-content\/uploads\/2019\/07\/image1-2217.jpg\" alt=\"\" data-source-id=\"i.0\" data-asset-id=\"8111\" \/><\/p>\n<h4 style=\"text-align: center;\"><span style=\"color: #008000;\"><strong>ma\u00e7on<\/strong><\/span><\/h4>\n<p>&nbsp;<\/p>\n<p style=\"text-align: center;\">n\u00e9 au bourg de Saint-Priest-Palus<\/p>\n<p style=\"text-align: center;\">le 8 septembre 1859<\/p>\n<p style=\"text-align: center;\">fils de<\/p>\n<p style=\"text-align: center;\">L\u00e9onard LEPETIT \/ Marie FAYE<\/p>\n<p style=\"text-align: center;\">cultivateurs<\/p>\n<p style=\"text-align: center;\"><span style=\"color: #ffffff;\">\u25d9<\/span><\/p>\n<p><em>L\u00e9onard habite Vige (Saint-Junien-la-Breg\u00e8re, lorsqu\u2019il \u00e9pouse C\u00e9line <\/em><strong>PATAUD<\/strong><em> le 14 f\u00e9vrier <\/em><strong>1882<\/strong><em> \u00e0 Saint-Moreil (mari\u00e9s sans contrat). Ils vivent d\u2019abord \u00e0 Provench\u00e8re, commune de Saint-Moreil. <\/em><\/p>\n<p><strong>En 1884<\/strong><em>, L\u00e9onard travaille \u00e0 <\/em><span style=\"color: #0000ff;\"><strong>Caluire (69)<\/strong><\/span><em>, logeant 123, rue Saint-Clair.<\/em><\/p>\n<p><em>Il est ensuite \u00e0 <\/em><strong><span style=\"color: #0000ff;\">Lyon (69)<\/span>\u00a0<\/strong><em>:<\/em><\/p>\n<p><strong>en 1885<\/strong><em>, 13, rue du Mail\u00a0;<\/em><\/p>\n<p><strong>en 1887<\/strong><em>, 3, rue Villeroi\u00a0;<\/em><\/p>\n<p><strong>en 1890<\/strong><em>, 7, chemin de la Favorite\u00a0;<\/em><\/p>\n<p><strong>en 1891<\/strong><em>, rue de Trion.<\/em><\/p>\n<p><strong>En 1892<\/strong>,<em> il est r\u00e9form\u00e9 pour varices volumineuses.<\/em><\/p>\n<p><strong>En 1912<\/strong><em>, les \u00e9poux habitent 8, rue de Gazom\u00e8tre, 3e arrondissement, et C\u00e9line est \u25ba<a href=\"https:\/\/www.lesmaconsdelacreuse.fr\/annuaires\/wp-content\/uploads\/2019\/07\/CULOTTI\u00c8RE.png\" target=\"_blank\" rel=\"noopener noreferrer\">culotti\u00e8re<\/a>. <\/em><\/p>\n<p><em>Ils d\u00e9c\u00e8dent\u00a0:<\/em><\/p>\n<ul>\n<li><em>L\u00e9onard, \u00e0 Masgrangeas, commune de Roy\u00e8re, le 25 d\u00e9cembre <\/em><strong>1925<\/strong><em>, \u00e2g\u00e9 de 66 ans<\/em><\/li>\n<li><em>C\u00e9line, \u00e0 Lyon 5e, le 5 mars <\/em><strong>1952<\/strong><em>, \u00e2g\u00e9e de 89 ans, en son domicile, 136, rue du Commandant Charcot<\/em><\/li>\n<li><\/li>\n<\/ul>\n","protected":false},"excerpt":{"rendered":"<p>Mis \u00e0 jour le : 02\/05\/2026L\u00e9onard LEPETIT 1859 \u2013 1925 ma\u00e7on &nbsp; n\u00e9 au bourg de Saint-Priest-Palus le 8 septembre 1859 fils de L\u00e9onard LEPETIT \/ Marie FAYE cultivateurs \u25d9 L\u00e9onard habite Vige (Saint-Junien-la-Breg\u00e8re, lorsqu\u2019il \u00e9pouse C\u00e9line PATAUD le 14 f\u00e9vrier 1882 \u00e0 Saint-Moreil (mari\u00e9s sans contrat). Ils vivent d\u2019abord \u00e0 Provench\u00e8re, commune de Saint-Moreil. ..<\/p>\n<div class=\"clear-fix\"><\/div>\n<p><a href=\"https:\/\/www.lesmaconsdelacreuse.fr\/annuaires\/lettre-l\/l_1548\/\" title=\"Lire la suite...\">Lire la suite<\/a><\/p>\n","protected":false},"author":6,"featured_media":0,"comment_status":"closed","ping_status":"closed","sticky":false,"template":"","format":"standard","meta":{"_acf_changed":false,"_exactmetrics_skip_tracking":false,"_exactmetrics_sitenote_active":false,"_exactmetrics_sitenote_note":"","_exactmetrics_sitenote_category":0,"footnotes":""},"categories":[19],"tags":[],"class_list":["post-8115","post","type-post","status-publish","format-standard","hentry","category-lettre-l"],"acf":[],"_links":{"self":[{"href":"https:\/\/www.lesmaconsdelacreuse.fr\/annuaires\/wp-json\/wp\/v2\/posts\/8115","targetHints":{"allow":["GET"]}}],"collection":[{"href":"https:\/\/www.lesmaconsdelacreuse.fr\/annuaires\/wp-json\/wp\/v2\/posts"}],"about":[{"href":"https:\/\/www.lesmaconsdelacreuse.fr\/annuaires\/wp-json\/wp\/v2\/types\/post"}],"author":[{"embeddable":true,"href":"https:\/\/www.lesmaconsdelacreuse.fr\/annuaires\/wp-json\/wp\/v2\/users\/6"}],"replies":[{"embeddable":true,"href":"https:\/\/www.lesmaconsdelacreuse.fr\/annuaires\/wp-json\/wp\/v2\/comments?post=8115"}],"version-history":[{"count":0,"href":"https:\/\/www.lesmaconsdelacreuse.fr\/annuaires\/wp-json\/wp\/v2\/posts\/8115\/revisions"}],"wp:attachment":[{"href":"https:\/\/www.lesmaconsdelacreuse.fr\/annuaires\/wp-json\/wp\/v2\/media?parent=8115"}],"wp:term":[{"taxonomy":"category","embeddable":true,"href":"https:\/\/www.lesmaconsdelacreuse.fr\/annuaires\/wp-json\/wp\/v2\/categories?post=8115"},{"taxonomy":"post_tag","embeddable":true,"href":"https:\/\/www.lesmaconsdelacreuse.fr\/annuaires\/wp-json\/wp\/v2\/tags?post=8115"}],"curies":[{"name":"wp","href":"https:\/\/api.w.org\/{rel}","templated":true}]}}