{"id":8119,"date":"2019-07-28T13:33:02","date_gmt":"2019-07-28T11:33:02","guid":{"rendered":"http:\/\/lesmaconsdelacreuse.fr\/annuaire\/?p=8119"},"modified":"2020-01-20T11:29:48","modified_gmt":"2020-01-20T10:29:48","slug":"l_1513","status":"publish","type":"post","link":"https:\/\/www.lesmaconsdelacreuse.fr\/annuaires\/lettre-l\/l_1513\/","title":{"rendered":"LEPETIT Guillaume (d\u00e9c\u00e9d\u00e9 apr\u00e8s 1762)"},"content":{"rendered":"<p class=\"last-updated\"><strong>Mis \u00e0 jour le :<\/strong> 02\/05\/2026<\/p><h2 style=\"text-align: center;\"><strong>Guillaume LEPETIT<\/strong><\/h2>\n<p style=\"text-align: center;\"><strong>d\u00e9c\u00e9d\u00e9 apr\u00e8s 1762<\/strong><\/p>\n<p style=\"text-align: center;\"><img decoding=\"async\" title=\"\" src=\"https:\/\/lesmaconsdelacreuse.fr\/annuaire\/wp-content\/uploads\/2019\/07\/image1-2219.jpg\" alt=\"\" data-source-id=\"i.0\" data-asset-id=\"8117\" \/><\/p>\n<h4 style=\"text-align: center;\"><span style=\"color: #008000;\"><strong>ma\u00e7on <\/strong>et<strong> laboureur<\/strong><\/span><\/h4>\n<p style=\"text-align: center;\">de La Parade (Saint-Pierre-le-Bost)<\/p>\n<p style=\"text-align: center;\">fils de<\/p>\n<p style=\"text-align: center;\">Fran\u00e7ois LEPETIT<\/p>\n<p style=\"text-align: center;\"><span style=\"color: #ffffff;\">\u25d9<\/span><\/p>\n<p><strong> Avant 1723<\/strong><em>, Guillaume \u00e9pouse Marie <\/em><strong>RAYNAUD<\/strong> <em>.<\/em><\/p>\n<p><em> Ils habitent La Parade.<\/em><\/p>\n<p><strong>\u25ba<a target=\"_blank\"href=\"https:\/\/www.lesmaconsdelacreuse.fr\/annuaires\/\/wp-content\/uploads\/DOCUMENTS\/1723_-_Guillaume_LEPETIT_teste_avant_de_partir_pour_le_Lyonnois.pdf\"><span style=\"color: #ff00ff;\">En 1723<\/span><\/a><\/strong><em>, \u00ab\u00a0etant prez de son deppart pour sen aller travailler de son mestier de macon en la ville ou province du <\/em><span style=\"color: #0000ff;\"><strong>lionnois<\/strong><\/span><em> netant certain de revenir en ce pais a cause de lincertitude du temps de la mort quy pouroit le surprendre par maladie ou autres azards comme de perir dans les travaux de quelque bastiment\u00a0\u00bb, il teste devant Me Delavergne du Monteil-au-Vicomte.<\/em><\/p>\n<p><em>Les termes de ce testament sont r\u00e9v\u00e9lateurs de l\u2019\u00e9tat d\u2019esprit d\u2019un ma\u00e7on qui s\u2019attend \u00e0 affronter des dangers de toutes sortes, sur le chemin et sur les chantiers.<\/em><\/p>\n","protected":false},"excerpt":{"rendered":"<p>Mis \u00e0 jour le : 02\/05\/2026Guillaume LEPETIT d\u00e9c\u00e9d\u00e9 apr\u00e8s 1762 ma\u00e7on et laboureur de La Parade (Saint-Pierre-le-Bost) fils de Fran\u00e7ois LEPETIT \u25d9 Avant 1723, Guillaume \u00e9pouse Marie RAYNAUD . Ils habitent La Parade. \u25baEn 1723, \u00ab\u00a0etant prez de son deppart pour sen aller travailler de son mestier de macon en la ville ou province du ..<\/p>\n<div class=\"clear-fix\"><\/div>\n<p><a href=\"https:\/\/www.lesmaconsdelacreuse.fr\/annuaires\/lettre-l\/l_1513\/\" title=\"Lire la suite...\">Lire la suite<\/a><\/p>\n","protected":false},"author":6,"featured_media":0,"comment_status":"closed","ping_status":"closed","sticky":false,"template":"","format":"standard","meta":{"_acf_changed":false,"_exactmetrics_skip_tracking":false,"_exactmetrics_sitenote_active":false,"_exactmetrics_sitenote_note":"","_exactmetrics_sitenote_category":0,"footnotes":""},"categories":[19],"tags":[],"class_list":["post-8119","post","type-post","status-publish","format-standard","hentry","category-lettre-l"],"acf":[],"_links":{"self":[{"href":"https:\/\/www.lesmaconsdelacreuse.fr\/annuaires\/wp-json\/wp\/v2\/posts\/8119","targetHints":{"allow":["GET"]}}],"collection":[{"href":"https:\/\/www.lesmaconsdelacreuse.fr\/annuaires\/wp-json\/wp\/v2\/posts"}],"about":[{"href":"https:\/\/www.lesmaconsdelacreuse.fr\/annuaires\/wp-json\/wp\/v2\/types\/post"}],"author":[{"embeddable":true,"href":"https:\/\/www.lesmaconsdelacreuse.fr\/annuaires\/wp-json\/wp\/v2\/users\/6"}],"replies":[{"embeddable":true,"href":"https:\/\/www.lesmaconsdelacreuse.fr\/annuaires\/wp-json\/wp\/v2\/comments?post=8119"}],"version-history":[{"count":0,"href":"https:\/\/www.lesmaconsdelacreuse.fr\/annuaires\/wp-json\/wp\/v2\/posts\/8119\/revisions"}],"wp:attachment":[{"href":"https:\/\/www.lesmaconsdelacreuse.fr\/annuaires\/wp-json\/wp\/v2\/media?parent=8119"}],"wp:term":[{"taxonomy":"category","embeddable":true,"href":"https:\/\/www.lesmaconsdelacreuse.fr\/annuaires\/wp-json\/wp\/v2\/categories?post=8119"},{"taxonomy":"post_tag","embeddable":true,"href":"https:\/\/www.lesmaconsdelacreuse.fr\/annuaires\/wp-json\/wp\/v2\/tags?post=8119"}],"curies":[{"name":"wp","href":"https:\/\/api.w.org\/{rel}","templated":true}]}}