{"id":8124,"date":"2019-07-28T13:33:02","date_gmt":"2019-07-28T11:33:02","guid":{"rendered":"http:\/\/lesmaconsdelacreuse.fr\/annuaire\/?p=8124"},"modified":"2023-01-04T14:05:38","modified_gmt":"2023-01-04T13:05:38","slug":"l_1542","status":"publish","type":"post","link":"https:\/\/www.lesmaconsdelacreuse.fr\/annuaires\/lettre-l\/l_1542\/","title":{"rendered":"LEPETY L\u00e9onard (vers 1693-1743)"},"content":{"rendered":"<p class=\"last-updated\"><strong>Mis \u00e0 jour le :<\/strong> 02\/05\/2026<\/p><h2 style=\"text-align: center;\"><strong>L\u00e9onard LEPETY<\/strong><\/h2>\n<p style=\"text-align: center;\"><strong>vers 1693 \u2013 1743<\/strong><\/p>\n<p style=\"text-align: center;\"><img decoding=\"async\" title=\"\" src=\"https:\/\/lesmaconsdelacreuse.fr\/annuaire\/wp-content\/uploads\/2019\/07\/image1-2221.jpg\" alt=\"\" data-source-id=\"i.0\" data-asset-id=\"8120\" \/><\/p>\n<h4 style=\"text-align: center;\"><span style=\"color: #008000;\"><strong>ma\u00e7on <\/strong>et<strong> laboureur<\/strong><\/span><\/h4>\n<p style=\"text-align: center;\">n\u00e9 \u00e0 Pramy (Saint-Pierre-le-Bost)\u00a0?<\/p>\n<p style=\"text-align: center;\">vers 1693<\/p>\n<p style=\"text-align: center;\"><span style=\"color: #ffffff;\">\u25d9<\/span><\/p>\n<p><strong>En 1716<\/strong><em>, L\u00e9onard \u00e9pouse Antoinette <\/em><strong>POULAUD<\/strong>\u00a0<em> (contrat Darfeuille \u00e0 Ch\u00e2tain). Ils habitent Pramy. <\/em><\/p>\n<p><em>Antoinette y d\u00e9c\u00e8de le 5 juin <\/em><strong>1722<\/strong><em>, \u00e2g\u00e9e de 25 ans environ.<\/em><\/p>\n<p><em>L\u00e9onard se remarie le 21 f\u00e9vrier <\/em><strong>1724<\/strong><em> \u00e0 Saint-Pierre avec Gabrielle <\/em><strong>FOUILLAUD<\/strong><em>.<\/em><\/p>\n<p><em> Ils habitent Pramy.<\/em><\/p>\n<p><em>Ils y d\u00e9c\u00e8dent\u00a0:<\/em><\/p>\n<p><em>\u2022\u00a0 L\u00e9onard le 17 janvier \u25ba<\/em><span style=\"color: #000000;\"><strong><a style=\"color: #000000;\" href=\"https:\/\/www.lesmaconsdelacreuse.fr\/annuaires\/\/wp-content\/uploads\/DOCUMENTS\/1743_-_Inventaire_chez_Leonard_LEPETY.pdf\" target=\"_blank\" rel=\"noopener\">1743<\/a><\/strong><\/span><em>, \u00e2g\u00e9 de 50 ans environ, apr\u00e8s inventaire<\/em><\/p>\n<p><em>\u2022\u00a0 Gabrielle le 2 mars <\/em><strong>1749<\/strong><em>, \u00e2g\u00e9e de 51 ans environ<\/em><\/p>\n<p>S17<\/p>\n","protected":false},"excerpt":{"rendered":"<p>Mis \u00e0 jour le : 02\/05\/2026L\u00e9onard LEPETY vers 1693 \u2013 1743 ma\u00e7on et laboureur n\u00e9 \u00e0 Pramy (Saint-Pierre-le-Bost)\u00a0? vers 1693 \u25d9 En 1716, L\u00e9onard \u00e9pouse Antoinette POULAUD\u00a0 (contrat Darfeuille \u00e0 Ch\u00e2tain). Ils habitent Pramy. Antoinette y d\u00e9c\u00e8de le 5 juin 1722, \u00e2g\u00e9e de 25 ans environ. L\u00e9onard se remarie le 21 f\u00e9vrier 1724 \u00e0 Saint-Pierre ..<\/p>\n<div class=\"clear-fix\"><\/div>\n<p><a href=\"https:\/\/www.lesmaconsdelacreuse.fr\/annuaires\/lettre-l\/l_1542\/\" title=\"Lire la suite...\">Lire la suite<\/a><\/p>\n","protected":false},"author":6,"featured_media":0,"comment_status":"closed","ping_status":"closed","sticky":false,"template":"","format":"standard","meta":{"_acf_changed":false,"_exactmetrics_skip_tracking":false,"_exactmetrics_sitenote_active":false,"_exactmetrics_sitenote_note":"","_exactmetrics_sitenote_category":0,"footnotes":""},"categories":[19],"tags":[],"class_list":["post-8124","post","type-post","status-publish","format-standard","hentry","category-lettre-l"],"acf":[],"_links":{"self":[{"href":"https:\/\/www.lesmaconsdelacreuse.fr\/annuaires\/wp-json\/wp\/v2\/posts\/8124","targetHints":{"allow":["GET"]}}],"collection":[{"href":"https:\/\/www.lesmaconsdelacreuse.fr\/annuaires\/wp-json\/wp\/v2\/posts"}],"about":[{"href":"https:\/\/www.lesmaconsdelacreuse.fr\/annuaires\/wp-json\/wp\/v2\/types\/post"}],"author":[{"embeddable":true,"href":"https:\/\/www.lesmaconsdelacreuse.fr\/annuaires\/wp-json\/wp\/v2\/users\/6"}],"replies":[{"embeddable":true,"href":"https:\/\/www.lesmaconsdelacreuse.fr\/annuaires\/wp-json\/wp\/v2\/comments?post=8124"}],"version-history":[{"count":1,"href":"https:\/\/www.lesmaconsdelacreuse.fr\/annuaires\/wp-json\/wp\/v2\/posts\/8124\/revisions"}],"predecessor-version":[{"id":203836,"href":"https:\/\/www.lesmaconsdelacreuse.fr\/annuaires\/wp-json\/wp\/v2\/posts\/8124\/revisions\/203836"}],"wp:attachment":[{"href":"https:\/\/www.lesmaconsdelacreuse.fr\/annuaires\/wp-json\/wp\/v2\/media?parent=8124"}],"wp:term":[{"taxonomy":"category","embeddable":true,"href":"https:\/\/www.lesmaconsdelacreuse.fr\/annuaires\/wp-json\/wp\/v2\/categories?post=8124"},{"taxonomy":"post_tag","embeddable":true,"href":"https:\/\/www.lesmaconsdelacreuse.fr\/annuaires\/wp-json\/wp\/v2\/tags?post=8124"}],"curies":[{"name":"wp","href":"https:\/\/api.w.org\/{rel}","templated":true}]}}