{"id":8142,"date":"2019-07-28T13:33:01","date_gmt":"2019-07-28T11:33:01","guid":{"rendered":"http:\/\/lesmaconsdelacreuse.fr\/annuaire\/?p=8142"},"modified":"2022-12-19T15:50:28","modified_gmt":"2022-12-19T14:50:28","slug":"l_1499","status":"publish","type":"post","link":"https:\/\/www.lesmaconsdelacreuse.fr\/annuaires\/lettre-p\/l_1499\/","title":{"rendered":"PETY Fran\u00e7ois (1654-apr\u00e8s 1683)"},"content":{"rendered":"<p class=\"last-updated\"><strong>Mis \u00e0 jour le :<\/strong> 02\/05\/2026<\/p><h2 style=\"text-align: center;\"><strong>Fran\u00e7ois PETY<\/strong><\/h2>\n<p style=\"text-align: center;\"><strong>1654 \u2013 apr\u00e8s 1683<\/strong><\/p>\n<h4 style=\"text-align: center;\"><span style=\"color: #008000;\"><strong>ma\u00e7on<\/strong><\/span><\/h4>\n<p>&nbsp;<\/p>\n<p style=\"text-align: center;\">n\u00e9 \u00e0 Andaleix (Roy\u00e8re)<\/p>\n<p style=\"text-align: center;\">le 15 avril 1654<\/p>\n<p style=\"text-align: center;\">fils de<\/p>\n<p style=\"text-align: center;\">Jean PETY \/ Antoinette MARTIN<\/p>\n<p style=\"text-align: center;\"><span style=\"color: #ffffff;\">\u25d9<\/span><\/p>\n<p><em>Fran\u00e7ois \u00e9pouse Jeanne <\/em><strong>LAFON<\/strong><em> \u00e0 <\/em><span style=\"color: #0000ff;\"><strong>Ludon-en-M\u00e9doc (33)<\/strong><\/span><em>, avec un \u25ba<a href=\"https:\/\/www.lesmaconsdelacreuse.fr\/annuaires\/wp-content\/uploads\/2020\/08\/CONG\u00c9-ou-REMISE.png\" target=\"_blank\" rel=\"noopener noreferrer\">cong\u00e9<\/a> du cur\u00e9 de Roy\u00e8re en date du 5 avril \u25ba<\/em><a href=\"https:\/\/www.lesmaconsdelacreuse.fr\/annuaires\/\/wp-content\/uploads\/DOCUMENTS\/1683_-_Francois_PETY_se_marie_a_Ludon.pdf\" target=\"_blank\" rel=\"noopener noreferrer\"><strong><span style=\"color: #ff00ff;\">1683<\/span><\/strong><\/a><strong><span style=\"color: #ff00ff;\">.<\/span><\/strong><\/p>\n<p>S17<\/p>\n<p>&nbsp;<\/p>\n","protected":false},"excerpt":{"rendered":"<p>Mis \u00e0 jour le : 02\/05\/2026Fran\u00e7ois PETY 1654 \u2013 apr\u00e8s 1683 ma\u00e7on &nbsp; n\u00e9 \u00e0 Andaleix (Roy\u00e8re) le 15 avril 1654 fils de Jean PETY \/ Antoinette MARTIN \u25d9 Fran\u00e7ois \u00e9pouse Jeanne LAFON \u00e0 Ludon-en-M\u00e9doc (33), avec un \u25bacong\u00e9 du cur\u00e9 de Roy\u00e8re en date du 5 avril \u25ba1683. ..<\/p>\n<div class=\"clear-fix\"><\/div>\n<p><a href=\"https:\/\/www.lesmaconsdelacreuse.fr\/annuaires\/lettre-p\/l_1499\/\" title=\"Lire la suite...\">Lire la suite<\/a><\/p>\n","protected":false},"author":6,"featured_media":0,"comment_status":"closed","ping_status":"closed","sticky":false,"template":"","format":"standard","meta":{"_acf_changed":false,"_exactmetrics_skip_tracking":false,"_exactmetrics_sitenote_active":false,"_exactmetrics_sitenote_note":"","_exactmetrics_sitenote_category":0,"footnotes":""},"categories":[19,10],"tags":[],"class_list":["post-8142","post","type-post","status-publish","format-standard","hentry","category-lettre-l","category-lettre-p"],"acf":[],"_links":{"self":[{"href":"https:\/\/www.lesmaconsdelacreuse.fr\/annuaires\/wp-json\/wp\/v2\/posts\/8142","targetHints":{"allow":["GET"]}}],"collection":[{"href":"https:\/\/www.lesmaconsdelacreuse.fr\/annuaires\/wp-json\/wp\/v2\/posts"}],"about":[{"href":"https:\/\/www.lesmaconsdelacreuse.fr\/annuaires\/wp-json\/wp\/v2\/types\/post"}],"author":[{"embeddable":true,"href":"https:\/\/www.lesmaconsdelacreuse.fr\/annuaires\/wp-json\/wp\/v2\/users\/6"}],"replies":[{"embeddable":true,"href":"https:\/\/www.lesmaconsdelacreuse.fr\/annuaires\/wp-json\/wp\/v2\/comments?post=8142"}],"version-history":[{"count":1,"href":"https:\/\/www.lesmaconsdelacreuse.fr\/annuaires\/wp-json\/wp\/v2\/posts\/8142\/revisions"}],"predecessor-version":[{"id":203198,"href":"https:\/\/www.lesmaconsdelacreuse.fr\/annuaires\/wp-json\/wp\/v2\/posts\/8142\/revisions\/203198"}],"wp:attachment":[{"href":"https:\/\/www.lesmaconsdelacreuse.fr\/annuaires\/wp-json\/wp\/v2\/media?parent=8142"}],"wp:term":[{"taxonomy":"category","embeddable":true,"href":"https:\/\/www.lesmaconsdelacreuse.fr\/annuaires\/wp-json\/wp\/v2\/categories?post=8142"},{"taxonomy":"post_tag","embeddable":true,"href":"https:\/\/www.lesmaconsdelacreuse.fr\/annuaires\/wp-json\/wp\/v2\/tags?post=8142"}],"curies":[{"name":"wp","href":"https:\/\/api.w.org\/{rel}","templated":true}]}}