{"id":8150,"date":"2019-07-28T13:33:00","date_gmt":"2019-07-28T11:33:00","guid":{"rendered":"http:\/\/lesmaconsdelacreuse.fr\/annuaire\/?p=8150"},"modified":"2022-04-14T15:10:08","modified_gmt":"2022-04-14T13:10:08","slug":"l_1502","status":"publish","type":"post","link":"https:\/\/www.lesmaconsdelacreuse.fr\/annuaires\/lettre-l\/l_1502\/","title":{"rendered":"LEPETIT Fran\u00e7ois (1763-1847)"},"content":{"rendered":"<p class=\"last-updated\"><strong>Mis \u00e0 jour le :<\/strong> 02\/05\/2026<\/p><h2 style=\"text-align: center;\"><strong>Fran\u00e7ois LEPETIT<\/strong><\/h2>\n<p style=\"text-align: center;\"><strong>1763 \u2013 1847<\/strong><\/p>\n<p style=\"text-align: center;\"><img loading=\"lazy\" decoding=\"async\" class=\"\" title=\"\" src=\"https:\/\/lesmaconsdelacreuse.fr\/annuaire\/wp-content\/uploads\/2019\/07\/image1-136.png\" alt=\"\" width=\"217\" height=\"68\" data-source-id=\"i.0\" data-asset-id=\"8148\" \/><\/p>\n<h4 style=\"text-align: center;\"><span style=\"color: #008000;\"><strong>entrepreneur de b\u00e2timents<\/strong><\/span><\/h4>\n<p>&nbsp;<\/p>\n<p style=\"text-align: center;\">n\u00e9 \u00e0 La Parade (Saint-Pierre-le-Bost)<\/p>\n<p style=\"text-align: center;\">le 24 septembre 1763<\/p>\n<p style=\"text-align: center;\">fils de<\/p>\n<p style=\"text-align: center;\">L\u00e9onard LEPETIT \/ Marie GOURBAUD<\/p>\n<p style=\"text-align: center;\">propri\u00e9taires cultivateurs<\/p>\n<p style=\"text-align: center;\"><span style=\"color: #ffffff;\">\u25d9<\/span><\/p>\n<p><strong>En 1803<\/strong><em>, Fran\u00e7ois est entrepreneur de b\u00e2timents \u00e0 <\/em><span style=\"color: #0000ff;\"><strong>Millery (69)<\/strong><\/span><em>.<\/em><\/p>\n<p><em>Il \u00e9pouse \u00e0 Lyon, le 9 germinal an XI (30 mars <\/em><strong>1803<\/strong><em>) Denise VEIRE, cuisini\u00e8re.<\/em><\/p>\n<p><em>Les \u00e9poux d\u00e9c\u00e8dent \u00e0 Millery\u00a0:<\/em><\/p>\n<ul>\n<li><em>Denise, le 31 d\u00e9cembre <\/em><strong>1840<\/strong><em>, \u00e2g\u00e9e de 73 ans<\/em><\/li>\n<li><em>Fran\u00e7ois, le 7 mai <\/em><strong>1847<\/strong><em>, \u00e2g\u00e9 de 83 ans<\/em><\/li>\n<\/ul>\n","protected":false},"excerpt":{"rendered":"<p>Mis \u00e0 jour le : 02\/05\/2026Fran\u00e7ois LEPETIT 1763 \u2013 1847 entrepreneur de b\u00e2timents &nbsp; n\u00e9 \u00e0 La Parade (Saint-Pierre-le-Bost) le 24 septembre 1763 fils de L\u00e9onard LEPETIT \/ Marie GOURBAUD propri\u00e9taires cultivateurs \u25d9 En 1803, Fran\u00e7ois est entrepreneur de b\u00e2timents \u00e0 Millery (69). Il \u00e9pouse \u00e0 Lyon, le 9 germinal an XI (30 mars 1803) ..<\/p>\n<div class=\"clear-fix\"><\/div>\n<p><a href=\"https:\/\/www.lesmaconsdelacreuse.fr\/annuaires\/lettre-l\/l_1502\/\" title=\"Lire la suite...\">Lire la suite<\/a><\/p>\n","protected":false},"author":6,"featured_media":0,"comment_status":"closed","ping_status":"closed","sticky":false,"template":"","format":"standard","meta":{"_acf_changed":false,"_exactmetrics_skip_tracking":false,"_exactmetrics_sitenote_active":false,"_exactmetrics_sitenote_note":"","_exactmetrics_sitenote_category":0,"footnotes":""},"categories":[19],"tags":[],"class_list":["post-8150","post","type-post","status-publish","format-standard","hentry","category-lettre-l"],"acf":[],"_links":{"self":[{"href":"https:\/\/www.lesmaconsdelacreuse.fr\/annuaires\/wp-json\/wp\/v2\/posts\/8150","targetHints":{"allow":["GET"]}}],"collection":[{"href":"https:\/\/www.lesmaconsdelacreuse.fr\/annuaires\/wp-json\/wp\/v2\/posts"}],"about":[{"href":"https:\/\/www.lesmaconsdelacreuse.fr\/annuaires\/wp-json\/wp\/v2\/types\/post"}],"author":[{"embeddable":true,"href":"https:\/\/www.lesmaconsdelacreuse.fr\/annuaires\/wp-json\/wp\/v2\/users\/6"}],"replies":[{"embeddable":true,"href":"https:\/\/www.lesmaconsdelacreuse.fr\/annuaires\/wp-json\/wp\/v2\/comments?post=8150"}],"version-history":[{"count":2,"href":"https:\/\/www.lesmaconsdelacreuse.fr\/annuaires\/wp-json\/wp\/v2\/posts\/8150\/revisions"}],"predecessor-version":[{"id":197612,"href":"https:\/\/www.lesmaconsdelacreuse.fr\/annuaires\/wp-json\/wp\/v2\/posts\/8150\/revisions\/197612"}],"wp:attachment":[{"href":"https:\/\/www.lesmaconsdelacreuse.fr\/annuaires\/wp-json\/wp\/v2\/media?parent=8150"}],"wp:term":[{"taxonomy":"category","embeddable":true,"href":"https:\/\/www.lesmaconsdelacreuse.fr\/annuaires\/wp-json\/wp\/v2\/categories?post=8150"},{"taxonomy":"post_tag","embeddable":true,"href":"https:\/\/www.lesmaconsdelacreuse.fr\/annuaires\/wp-json\/wp\/v2\/tags?post=8150"}],"curies":[{"name":"wp","href":"https:\/\/api.w.org\/{rel}","templated":true}]}}