{"id":8156,"date":"2019-07-28T13:33:00","date_gmt":"2019-07-28T11:33:00","guid":{"rendered":"http:\/\/lesmaconsdelacreuse.fr\/annuaire\/?p=8156"},"modified":"2022-04-14T17:55:28","modified_gmt":"2022-04-14T15:55:28","slug":"l_1528","status":"publish","type":"post","link":"https:\/\/www.lesmaconsdelacreuse.fr\/annuaires\/lettre-l\/l_1528\/","title":{"rendered":"LEPETIT Jean (1849-apr\u00e8s 1871)"},"content":{"rendered":"<p class=\"last-updated\"><strong>Mis \u00e0 jour le :<\/strong> 02\/05\/2026<\/p><h2 style=\"text-align: center;\"><strong>Jean LEPETIT<\/strong><\/h2>\r\n<p style=\"text-align: center;\"><strong>Jean Eug\u00e8ne LEPETIT<\/strong><\/p>\r\n<p style=\"text-align: center;\"><strong>1849 \u2013 apr\u00e8s 1871<\/strong><\/p>\r\n<p style=\"text-align: center;\"><img decoding=\"async\" title=\"\" src=\"https:\/\/lesmaconsdelacreuse.fr\/annuaire\/wp-content\/uploads\/2019\/07\/image1-137.png\" alt=\"\" data-source-id=\"i.0\" data-asset-id=\"8151\" \/><\/p>\r\n<h4 style=\"text-align: center;\"><span style=\"color: #008000;\"><strong>ma\u00e7on <\/strong>et<strong> \u25ba<a href=\"https:\/\/www.lesmaconsdelacreuse.fr\/annuaires\/wp-content\/uploads\/2020\/08\/SCIEUR-DE-LONG.png\" target=\"_blank\" rel=\"noopener noreferrer\"><span style=\"color: #008000;\">scieur de long<\/span><\/a><br \/><\/strong><\/span><\/h4>\r\n<p>&nbsp;<\/p>\r\n<p style=\"text-align: center;\">n\u00e9 au Planchadeau (Saint-Pierre-le-Bost)<\/p>\r\n<p style=\"text-align: center;\">le 25 janvier 1849<\/p>\r\n<p style=\"text-align: center;\">fils de<\/p>\r\n<p style=\"text-align: center;\">Jean LEPETIT, <span style=\"color: #008000;\"><strong>ma\u00e7on<\/strong><\/span> et sabotier<\/p>\r\n<p style=\"text-align: center;\">Anne LEPETIT, cultivatrice<\/p>\r\n<p style=\"text-align: center;\"><span style=\"color: #ffffff;\">\u25d9<\/span><\/p>\r\n<p style=\"text-align: left;\"><em>Jean, <\/em><span style=\"color: #008000;\"><strong>ma\u00e7on<\/strong><\/span><em>, \u00e9pouse Marie <\/em><strong>VERGNE<\/strong><em>, tisserande, le 12 octobre <\/em><strong>1871<\/strong><em> \u00e0 Saint-Yriex-la-Montagne (mari\u00e9s\u00a0 sans contrat). <\/em><\/p>\r\n<p><em>Ils habitent Le Teil-Haut, m\u00eame commune.<\/em><\/p>\r\n<p><em>Ils d\u00e9c\u00e8dent\u00a0:<\/em><\/p>\r\n<ul>\r\n<li><em>Jean, <\/em><span style=\"color: #008000;\"><strong>scieur de long<\/strong><\/span><em>, \u00e0 La Valette, commune de Saint-Yriex, le 25 octobre <\/em><strong>1914<\/strong><em>, \u00e2g\u00e9 de 65 ans<\/em><\/li>\r\n<li><em>Marie, au Cloux-Vallereix, m\u00eame commune, le 22 janvier <\/em><strong>1922<\/strong><em>, \u00e2g\u00e9e de 78 ans<\/em><\/li>\r\n<\/ul>\r\n\r\n<p>&nbsp;<\/p>\r\n","protected":false},"excerpt":{"rendered":"<p>Mis \u00e0 jour le : 02\/05\/2026 Jean LEPETIT Jean Eug\u00e8ne LEPETIT 1849 \u2013 apr\u00e8s 1871 ma\u00e7on et \u25bascieur de long &nbsp; n\u00e9 au Planchadeau (Saint-Pierre-le-Bost) le 25 janvier 1849 fils de Jean LEPETIT, ma\u00e7on et sabotier Anne LEPETIT, cultivatrice \u25d9 Jean, ma\u00e7on, \u00e9pouse Marie VERGNE, tisserande, le 12 octobre 1871 \u00e0 Saint-Yriex-la-Montagne (mari\u00e9s\u00a0 sans contrat). ..<\/p>\n<div class=\"clear-fix\"><\/div>\n<p><a href=\"https:\/\/www.lesmaconsdelacreuse.fr\/annuaires\/lettre-l\/l_1528\/\" title=\"Lire la suite...\">Lire la suite<\/a><\/p>\n","protected":false},"author":6,"featured_media":0,"comment_status":"closed","ping_status":"closed","sticky":false,"template":"","format":"standard","meta":{"_acf_changed":false,"_exactmetrics_skip_tracking":false,"_exactmetrics_sitenote_active":false,"_exactmetrics_sitenote_note":"","_exactmetrics_sitenote_category":0,"footnotes":""},"categories":[19],"tags":[],"class_list":["post-8156","post","type-post","status-publish","format-standard","hentry","category-lettre-l"],"acf":[],"_links":{"self":[{"href":"https:\/\/www.lesmaconsdelacreuse.fr\/annuaires\/wp-json\/wp\/v2\/posts\/8156","targetHints":{"allow":["GET"]}}],"collection":[{"href":"https:\/\/www.lesmaconsdelacreuse.fr\/annuaires\/wp-json\/wp\/v2\/posts"}],"about":[{"href":"https:\/\/www.lesmaconsdelacreuse.fr\/annuaires\/wp-json\/wp\/v2\/types\/post"}],"author":[{"embeddable":true,"href":"https:\/\/www.lesmaconsdelacreuse.fr\/annuaires\/wp-json\/wp\/v2\/users\/6"}],"replies":[{"embeddable":true,"href":"https:\/\/www.lesmaconsdelacreuse.fr\/annuaires\/wp-json\/wp\/v2\/comments?post=8156"}],"version-history":[{"count":2,"href":"https:\/\/www.lesmaconsdelacreuse.fr\/annuaires\/wp-json\/wp\/v2\/posts\/8156\/revisions"}],"predecessor-version":[{"id":197617,"href":"https:\/\/www.lesmaconsdelacreuse.fr\/annuaires\/wp-json\/wp\/v2\/posts\/8156\/revisions\/197617"}],"wp:attachment":[{"href":"https:\/\/www.lesmaconsdelacreuse.fr\/annuaires\/wp-json\/wp\/v2\/media?parent=8156"}],"wp:term":[{"taxonomy":"category","embeddable":true,"href":"https:\/\/www.lesmaconsdelacreuse.fr\/annuaires\/wp-json\/wp\/v2\/categories?post=8156"},{"taxonomy":"post_tag","embeddable":true,"href":"https:\/\/www.lesmaconsdelacreuse.fr\/annuaires\/wp-json\/wp\/v2\/tags?post=8156"}],"curies":[{"name":"wp","href":"https:\/\/api.w.org\/{rel}","templated":true}]}}