{"id":8157,"date":"2019-07-28T13:33:00","date_gmt":"2019-07-28T11:33:00","guid":{"rendered":"http:\/\/lesmaconsdelacreuse.fr\/annuaire\/?p=8157"},"modified":"2021-12-19T15:03:41","modified_gmt":"2021-12-19T14:03:41","slug":"l_1486","status":"publish","type":"post","link":"https:\/\/www.lesmaconsdelacreuse.fr\/annuaires\/lettre-l\/l_1486\/","title":{"rendered":"LEPETIT Antoine (1854-1906)"},"content":{"rendered":"<p class=\"last-updated\"><strong>Mis \u00e0 jour le :<\/strong> 02\/05\/2026<\/p><h2 style=\"text-align: center;\"><strong>Antoine LEPETIT<\/strong><\/h2>\n<p style=\"text-align: center;\"><strong>1854 \u2013 1906<\/strong><\/p>\n<p style=\"text-align: center;\"><img decoding=\"async\" title=\"\" src=\"https:\/\/lesmaconsdelacreuse.fr\/annuaire\/wp-content\/uploads\/2019\/07\/image1-2231.jpg\" alt=\"\" data-source-id=\"i.0\" data-asset-id=\"8152\" \/><\/p>\n<h4 style=\"text-align: center;\"><span style=\"color: #008000;\"><strong>ma\u00e7on <\/strong>et <strong>cultivateur<\/strong><\/span><\/h4>\n<p style=\"text-align: center;\">n\u00e9 au bourg de Saint-Priest-Palus<\/p>\n<p style=\"text-align: center;\">le 7 avril 1854<\/p>\n<p style=\"text-align: center;\">fils de<\/p>\n<p style=\"text-align: center;\">L\u00e9onard LEPETIT \/ Fran\u00e7oise CATHERINE<\/p>\n<p style=\"text-align: center;\">cultivateurs<\/p>\n<p style=\"text-align: center;\"><span style=\"color: #ffffff;\">\u25d9<\/span><\/p>\n<p><em>Antoine \u00e9pouse M\u00e9lanie <\/em><strong>PLANCOULAINE <\/strong><em>le 28 f\u00e9vrier <\/em><strong>1876<\/strong><em> \u00e0 Saint-Pardoux-Lavaud (mari\u00e9s sans contrat). Ils habitent La Cour-de-Rozet, commune de Saint-Pardoux-Lavaud. <\/em><\/p>\n<p><em>M\u00e9lanie y d\u00e9c\u00e8de le 8 janvier <\/em><strong>1882<\/strong><em>, \u00e2g\u00e9e de 23 ans.<\/em><\/p>\n<p><em> Antoine se remarie avec Marguerite <\/em><strong>BORNE<\/strong><em> le 23 f\u00e9vrier <\/em><strong>1884<\/strong><em> \u00e0 Saint-Junien-la-Breg\u00e8re (contrat Berger \u00e0 Bourganeuf). Le couple habite Vige, commune de Saint-Junien. <\/em><\/p>\n<p><strong>En 1887<\/strong><em>, Antoine travaille \u00e0 <\/em><span style=\"color: #0000ff;\"><strong>Lyon (69)<\/strong><em>.<\/em><\/span><\/p>\n<p><em>Antoine d\u00e9c\u00e8de \u00e0 Vige le 12 avril <\/em><strong>1906<\/strong><em>, \u00e2g\u00e9 de 52 ans.<\/em><\/p>\n","protected":false},"excerpt":{"rendered":"<p>Mis \u00e0 jour le : 02\/05\/2026Antoine LEPETIT 1854 \u2013 1906 ma\u00e7on et cultivateur n\u00e9 au bourg de Saint-Priest-Palus le 7 avril 1854 fils de L\u00e9onard LEPETIT \/ Fran\u00e7oise CATHERINE cultivateurs \u25d9 Antoine \u00e9pouse M\u00e9lanie PLANCOULAINE le 28 f\u00e9vrier 1876 \u00e0 Saint-Pardoux-Lavaud (mari\u00e9s sans contrat). Ils habitent La Cour-de-Rozet, commune de Saint-Pardoux-Lavaud. M\u00e9lanie y d\u00e9c\u00e8de le ..<\/p>\n<div class=\"clear-fix\"><\/div>\n<p><a href=\"https:\/\/www.lesmaconsdelacreuse.fr\/annuaires\/lettre-l\/l_1486\/\" title=\"Lire la suite...\">Lire la suite<\/a><\/p>\n","protected":false},"author":6,"featured_media":0,"comment_status":"closed","ping_status":"closed","sticky":false,"template":"","format":"standard","meta":{"_acf_changed":false,"_exactmetrics_skip_tracking":false,"_exactmetrics_sitenote_active":false,"_exactmetrics_sitenote_note":"","_exactmetrics_sitenote_category":0,"footnotes":""},"categories":[19],"tags":[],"class_list":["post-8157","post","type-post","status-publish","format-standard","hentry","category-lettre-l"],"acf":[],"_links":{"self":[{"href":"https:\/\/www.lesmaconsdelacreuse.fr\/annuaires\/wp-json\/wp\/v2\/posts\/8157","targetHints":{"allow":["GET"]}}],"collection":[{"href":"https:\/\/www.lesmaconsdelacreuse.fr\/annuaires\/wp-json\/wp\/v2\/posts"}],"about":[{"href":"https:\/\/www.lesmaconsdelacreuse.fr\/annuaires\/wp-json\/wp\/v2\/types\/post"}],"author":[{"embeddable":true,"href":"https:\/\/www.lesmaconsdelacreuse.fr\/annuaires\/wp-json\/wp\/v2\/users\/6"}],"replies":[{"embeddable":true,"href":"https:\/\/www.lesmaconsdelacreuse.fr\/annuaires\/wp-json\/wp\/v2\/comments?post=8157"}],"version-history":[{"count":2,"href":"https:\/\/www.lesmaconsdelacreuse.fr\/annuaires\/wp-json\/wp\/v2\/posts\/8157\/revisions"}],"predecessor-version":[{"id":193317,"href":"https:\/\/www.lesmaconsdelacreuse.fr\/annuaires\/wp-json\/wp\/v2\/posts\/8157\/revisions\/193317"}],"wp:attachment":[{"href":"https:\/\/www.lesmaconsdelacreuse.fr\/annuaires\/wp-json\/wp\/v2\/media?parent=8157"}],"wp:term":[{"taxonomy":"category","embeddable":true,"href":"https:\/\/www.lesmaconsdelacreuse.fr\/annuaires\/wp-json\/wp\/v2\/categories?post=8157"},{"taxonomy":"post_tag","embeddable":true,"href":"https:\/\/www.lesmaconsdelacreuse.fr\/annuaires\/wp-json\/wp\/v2\/tags?post=8157"}],"curies":[{"name":"wp","href":"https:\/\/api.w.org\/{rel}","templated":true}]}}