{"id":8165,"date":"2019-07-28T13:33:00","date_gmt":"2019-07-28T11:33:00","guid":{"rendered":"http:\/\/lesmaconsdelacreuse.fr\/annuaire\/?p=8165"},"modified":"2020-01-20T11:29:50","modified_gmt":"2020-01-20T10:29:50","slug":"l_1459","status":"publish","type":"post","link":"https:\/\/www.lesmaconsdelacreuse.fr\/annuaires\/lettre-l\/l_1459\/","title":{"rendered":"LENOIR Roger Marcel (1905-1946)"},"content":{"rendered":"<p class=\"last-updated\"><strong>Mis \u00e0 jour le :<\/strong> 02\/05\/2026<\/p><h2 style=\"text-align: center;\"><strong>Roger Marcel LENOIR<\/strong><\/h2>\n<p style=\"text-align: center;\"><strong>1905 &#8211; 1946<\/strong><\/p>\n<h4 style=\"text-align: center;\"><span style=\"color: #008000;\"><strong>ma\u00e7on<\/strong><\/span><\/h4>\n<p style=\"text-align: center;\">n\u00e9 \u00e0 Pramy (Saint-Pierre-le-Bost)<\/p>\n<p style=\"text-align: center;\">le 24 d\u00e9cembre 1905<\/p>\n<p style=\"text-align: center;\">fils de<\/p>\n<p style=\"text-align: center;\">Fran\u00e7ois \u00c9mile LENOIR, <span style=\"color: #008000;\"><strong>ma\u00e7on<\/strong><\/span><\/p>\n<p style=\"text-align: center;\">Victoria Ad\u00e8le L\u00e9ontine LENOIR, couturi\u00e8re<\/p>\n<p style=\"text-align: center;\"><span style=\"color: #ffffff;\">\u25d9<\/span><\/p>\n<p><strong>En 1926<\/strong><em>, lors du conseil de r\u00e9vision, Roger est ajourn\u00e9 pour faiblesse.<\/em><\/p>\n<p><em>Il \u00e9pouse Emma <\/em><strong>DELON<\/strong><em> le 16 juillet <\/em><strong>1932<\/strong> <em>\u00e0 <\/em><span style=\"color: #0000ff;\"><strong>Talence (33)<\/strong><em>.<\/em><\/span><\/p>\n<p><em> Il d\u00e9c\u00e8de \u00e0 <\/em><span style=\"color: #0000ff;\"><strong>Pessac (33)<\/strong><\/span><em> le 1er janvier <\/em><strong>1946<\/strong><em>, \u00e2g\u00e9 de 40 ans.<\/em><\/p>\n","protected":false},"excerpt":{"rendered":"<p>Mis \u00e0 jour le : 02\/05\/2026Roger Marcel LENOIR 1905 &#8211; 1946 ma\u00e7on n\u00e9 \u00e0 Pramy (Saint-Pierre-le-Bost) le 24 d\u00e9cembre 1905 fils de Fran\u00e7ois \u00c9mile LENOIR, ma\u00e7on Victoria Ad\u00e8le L\u00e9ontine LENOIR, couturi\u00e8re \u25d9 En 1926, lors du conseil de r\u00e9vision, Roger est ajourn\u00e9 pour faiblesse. Il \u00e9pouse Emma DELON le 16 juillet 1932 \u00e0 Talence (33). ..<\/p>\n<div class=\"clear-fix\"><\/div>\n<p><a href=\"https:\/\/www.lesmaconsdelacreuse.fr\/annuaires\/lettre-l\/l_1459\/\" title=\"Lire la suite...\">Lire la suite<\/a><\/p>\n","protected":false},"author":6,"featured_media":0,"comment_status":"closed","ping_status":"closed","sticky":false,"template":"","format":"standard","meta":{"_acf_changed":false,"_exactmetrics_skip_tracking":false,"_exactmetrics_sitenote_active":false,"_exactmetrics_sitenote_note":"","_exactmetrics_sitenote_category":0,"footnotes":""},"categories":[19],"tags":[],"class_list":["post-8165","post","type-post","status-publish","format-standard","hentry","category-lettre-l"],"acf":[],"_links":{"self":[{"href":"https:\/\/www.lesmaconsdelacreuse.fr\/annuaires\/wp-json\/wp\/v2\/posts\/8165","targetHints":{"allow":["GET"]}}],"collection":[{"href":"https:\/\/www.lesmaconsdelacreuse.fr\/annuaires\/wp-json\/wp\/v2\/posts"}],"about":[{"href":"https:\/\/www.lesmaconsdelacreuse.fr\/annuaires\/wp-json\/wp\/v2\/types\/post"}],"author":[{"embeddable":true,"href":"https:\/\/www.lesmaconsdelacreuse.fr\/annuaires\/wp-json\/wp\/v2\/users\/6"}],"replies":[{"embeddable":true,"href":"https:\/\/www.lesmaconsdelacreuse.fr\/annuaires\/wp-json\/wp\/v2\/comments?post=8165"}],"version-history":[{"count":0,"href":"https:\/\/www.lesmaconsdelacreuse.fr\/annuaires\/wp-json\/wp\/v2\/posts\/8165\/revisions"}],"wp:attachment":[{"href":"https:\/\/www.lesmaconsdelacreuse.fr\/annuaires\/wp-json\/wp\/v2\/media?parent=8165"}],"wp:term":[{"taxonomy":"category","embeddable":true,"href":"https:\/\/www.lesmaconsdelacreuse.fr\/annuaires\/wp-json\/wp\/v2\/categories?post=8165"},{"taxonomy":"post_tag","embeddable":true,"href":"https:\/\/www.lesmaconsdelacreuse.fr\/annuaires\/wp-json\/wp\/v2\/tags?post=8165"}],"curies":[{"name":"wp","href":"https:\/\/api.w.org\/{rel}","templated":true}]}}