{"id":8168,"date":"2019-07-28T13:33:00","date_gmt":"2019-07-28T11:33:00","guid":{"rendered":"http:\/\/lesmaconsdelacreuse.fr\/annuaire\/?p=8168"},"modified":"2020-09-23T13:22:03","modified_gmt":"2020-09-23T11:22:03","slug":"l_1496","status":"publish","type":"post","link":"https:\/\/www.lesmaconsdelacreuse.fr\/annuaires\/lettre-l\/l_1496\/","title":{"rendered":"LEPETIT Eug\u00e8ne (1886-1950)"},"content":{"rendered":"<p class=\"last-updated\"><strong>Mis \u00e0 jour le :<\/strong> 02\/05\/2026<\/p><h2 style=\"text-align: center;\"><strong>Eug\u00e8ne LEPETIT<\/strong><\/h2>\n<p style=\"text-align: center;\"><strong>1886 \u2013 1950<\/strong><\/p>\n<p style=\"text-align: center;\"><img decoding=\"async\" title=\"\" src=\"https:\/\/lesmaconsdelacreuse.fr\/annuaire\/wp-content\/uploads\/2019\/07\/image1-2236.jpg\" alt=\"\" data-source-id=\"i.0\" data-asset-id=\"8164\" \/><\/p>\n<h4 style=\"text-align: center;\"><span style=\"color: #008000;\"><strong>ma\u00e7on<\/strong><\/span><\/h4>\n<p>&nbsp;<\/p>\n<p style=\"text-align: center;\">n\u00e9 \u00e0 Pr\u00e9sench\u00e8re (Saint-Moreil)<\/p>\n<p style=\"text-align: center;\">le 27 ao\u00fbt 1886)<\/p>\n<p style=\"text-align: center;\">fils de<\/p>\n<p style=\"text-align: center;\">L\u00e9onard LEPETIT, <span style=\"color: #008000;\"><strong>ma\u00e7on<\/strong><\/span><\/p>\n<p style=\"text-align: center;\">C\u00e9line PATAUD, cultivatrice<\/p>\n<p style=\"text-align: center;\"><span style=\"color: #ffffff;\">\u25d9<\/span><\/p>\n<p><strong>En 1907<\/strong><em>, \u25ba<span style=\"color: #000000;\"><a style=\"color: #000000;\" href=\"https:\/\/www.lesmaconsdelacreuse.fr\/annuaires\/wp-content\/uploads\/2019\/07\/LEPETIT-Eug\u00e8ne.jpg\" target=\"_blank\" rel=\"noopener noreferrer\">Eug\u00e8ne<\/a><\/span> travaille dans le <\/em><span style=\"color: #0000ff;\"><strong>Rh\u00f4ne <\/strong><\/span><em>et y passe le conseil de r\u00e9vision.<\/em><\/p>\n<p><strong>En 1909<\/strong><em>, il habite <\/em><span style=\"color: #0000ff;\"><strong>Lyon (69)<\/strong><\/span><em> 233, rue Boileau\u00a0;<\/em><\/p>\n<p><strong>en 1912<\/strong><em><strong>,<\/strong> avec ses parents, 8, rue du Gazom\u00e8tre, 3e arrondissement.<\/em><\/p>\n<p><em>Il \u00e9pouse, le 29 juin de la m\u00eame ann\u00e9e \u00e0 Lyon 3e, Cl\u00e9mence \u00c9lisa <\/em><strong>JAMBILLOUX<\/strong><em>, employ\u00e9e native de Roy\u00e8re (contrat Guyonnet). <\/em><\/p>\n<p><strong>En 1913<\/strong><em>, ils habitent 18, rue Clos Suiphon\u00a0;<\/em><\/p>\n<p><strong>en 1921<\/strong><em>, 14, rue Am\u00e9d\u00e9e Bonnet\u00a0;<\/em><\/p>\n<p><strong>en 1924<\/strong><em>, 102, rue T\u00eate d\u2019Or. <\/em><\/p>\n<p><em>Ils d\u00e9c\u00e8dent \u00e0 Masgrangeas, commune de Roy\u00e8re\u00a0:<\/em><\/p>\n<ul>\n<li><em>Cl\u00e9mence, le 20 ao\u00fbt <\/em><strong>1932<\/strong><em>, \u00e2g\u00e9e de 44 ans, Eug\u00e8ne \u00e9tant domicili\u00e9 \u00e0 Lyon, 102, rue T\u00eate d\u2018Or<\/em><\/li>\n<li><em>Eug\u00e8ne, le 6 janvier <\/em><strong>1950<\/strong><em>, \u00e2g\u00e9 de 63 ans<\/em><\/li>\n<\/ul>\n<p>&nbsp;<\/p>\n","protected":false},"excerpt":{"rendered":"<p>Mis \u00e0 jour le : 02\/05\/2026Eug\u00e8ne LEPETIT 1886 \u2013 1950 ma\u00e7on &nbsp; n\u00e9 \u00e0 Pr\u00e9sench\u00e8re (Saint-Moreil) le 27 ao\u00fbt 1886) fils de L\u00e9onard LEPETIT, ma\u00e7on C\u00e9line PATAUD, cultivatrice \u25d9 En 1907, \u25baEug\u00e8ne travaille dans le Rh\u00f4ne et y passe le conseil de r\u00e9vision. En 1909, il habite Lyon (69) 233, rue Boileau\u00a0; en 1912, avec ..<\/p>\n<div class=\"clear-fix\"><\/div>\n<p><a href=\"https:\/\/www.lesmaconsdelacreuse.fr\/annuaires\/lettre-l\/l_1496\/\" title=\"Lire la suite...\">Lire la suite<\/a><\/p>\n","protected":false},"author":6,"featured_media":0,"comment_status":"closed","ping_status":"closed","sticky":false,"template":"","format":"standard","meta":{"_acf_changed":false,"_exactmetrics_skip_tracking":false,"_exactmetrics_sitenote_active":false,"_exactmetrics_sitenote_note":"","_exactmetrics_sitenote_category":0,"footnotes":""},"categories":[19],"tags":[],"class_list":["post-8168","post","type-post","status-publish","format-standard","hentry","category-lettre-l"],"acf":[],"_links":{"self":[{"href":"https:\/\/www.lesmaconsdelacreuse.fr\/annuaires\/wp-json\/wp\/v2\/posts\/8168","targetHints":{"allow":["GET"]}}],"collection":[{"href":"https:\/\/www.lesmaconsdelacreuse.fr\/annuaires\/wp-json\/wp\/v2\/posts"}],"about":[{"href":"https:\/\/www.lesmaconsdelacreuse.fr\/annuaires\/wp-json\/wp\/v2\/types\/post"}],"author":[{"embeddable":true,"href":"https:\/\/www.lesmaconsdelacreuse.fr\/annuaires\/wp-json\/wp\/v2\/users\/6"}],"replies":[{"embeddable":true,"href":"https:\/\/www.lesmaconsdelacreuse.fr\/annuaires\/wp-json\/wp\/v2\/comments?post=8168"}],"version-history":[{"count":0,"href":"https:\/\/www.lesmaconsdelacreuse.fr\/annuaires\/wp-json\/wp\/v2\/posts\/8168\/revisions"}],"wp:attachment":[{"href":"https:\/\/www.lesmaconsdelacreuse.fr\/annuaires\/wp-json\/wp\/v2\/media?parent=8168"}],"wp:term":[{"taxonomy":"category","embeddable":true,"href":"https:\/\/www.lesmaconsdelacreuse.fr\/annuaires\/wp-json\/wp\/v2\/categories?post=8168"},{"taxonomy":"post_tag","embeddable":true,"href":"https:\/\/www.lesmaconsdelacreuse.fr\/annuaires\/wp-json\/wp\/v2\/tags?post=8168"}],"curies":[{"name":"wp","href":"https:\/\/api.w.org\/{rel}","templated":true}]}}