{"id":8811,"date":"2019-07-28T13:38:22","date_gmt":"2019-07-28T11:38:22","guid":{"rendered":"http:\/\/lesmaconsdelacreuse.fr\/annuaire\/?p=8811"},"modified":"2022-04-15T18:28:54","modified_gmt":"2022-04-15T16:28:54","slug":"l_1730","status":"publish","type":"post","link":"https:\/\/www.lesmaconsdelacreuse.fr\/annuaires\/lettre-l\/l_1730\/","title":{"rendered":"LOMBARD Pierre (1849-1904)"},"content":{"rendered":"<p class=\"last-updated\"><strong>Mis \u00e0 jour le :<\/strong> 29\/04\/2026<\/p><h2 style=\"text-align: center;\"><strong>Pierre LOMBARD<\/strong><\/h2>\n<p style=\"text-align: center;\"><strong>1849 \u2013 1904<\/strong><\/p>\n<p style=\"text-align: center;\"><img decoding=\"async\" title=\"\" src=\"https:\/\/lesmaconsdelacreuse.fr\/annuaire\/wp-content\/uploads\/2019\/07\/image1-139.png\" alt=\"\" data-source-id=\"i.0\" data-asset-id=\"8806\" \/><\/p>\n<h4 style=\"text-align: center;\"><span style=\"color: #008000;\"><strong>ma\u00e7on<\/strong><\/span><\/h4>\n<p style=\"text-align: center;\">n\u00e9 \u00e0 Chaleix (Vidaillat)<\/p>\n<p style=\"text-align: center;\">le 25 octobre 1849<\/p>\n<p style=\"text-align: center;\">fils de<\/p>\n<p style=\"text-align: center;\">Jean-Baptiste LOMBARD \/ Val\u00e9rie CHABROUTY<\/p>\n<p style=\"text-align: center;\">cultivateurs<\/p>\n<p style=\"text-align: center;\"><span style=\"color: #ffffff;\">\u25d9<\/span><\/p>\n<p><em>Pierre \u00e9pouse Marie <\/em><strong>JAVELLON <\/strong><em>le 22 f\u00e9vrier <\/em><strong>1875<\/strong> <em>\u00e0 Vidaillat (mari\u00e9s sans contrat).<\/em><\/p>\n<p><em> Ils habitent La Mouline, commune de Banize, puis Roy\u00e8re. <\/em><\/p>\n<p><strong>En 1899<\/strong><em>, ils sont \u00e0 Aubepeyre;<\/em><\/p>\n<p><strong>en 1904<\/strong><em>, au bourg de La Nouaille.<\/em><\/p>\n<p><em>\u00a0<\/em><em>Pierre y d\u00e9c\u00e8de le 7 septembre de la m\u00eame ann\u00e9e, \u00e2g\u00e9 de 54 ans.<\/em><\/p>\n","protected":false},"excerpt":{"rendered":"<p>Mis \u00e0 jour le : 29\/04\/2026Pierre LOMBARD 1849 \u2013 1904 ma\u00e7on n\u00e9 \u00e0 Chaleix (Vidaillat) le 25 octobre 1849 fils de Jean-Baptiste LOMBARD \/ Val\u00e9rie CHABROUTY cultivateurs \u25d9 Pierre \u00e9pouse Marie JAVELLON le 22 f\u00e9vrier 1875 \u00e0 Vidaillat (mari\u00e9s sans contrat). Ils habitent La Mouline, commune de Banize, puis Roy\u00e8re. En 1899, ils sont \u00e0 ..<\/p>\n<div class=\"clear-fix\"><\/div>\n<p><a href=\"https:\/\/www.lesmaconsdelacreuse.fr\/annuaires\/lettre-l\/l_1730\/\" title=\"Lire la suite...\">Lire la suite<\/a><\/p>\n","protected":false},"author":6,"featured_media":0,"comment_status":"closed","ping_status":"closed","sticky":false,"template":"","format":"standard","meta":{"_acf_changed":false,"_exactmetrics_skip_tracking":false,"_exactmetrics_sitenote_active":false,"_exactmetrics_sitenote_note":"","_exactmetrics_sitenote_category":0,"footnotes":""},"categories":[19],"tags":[],"class_list":["post-8811","post","type-post","status-publish","format-standard","hentry","category-lettre-l"],"acf":[],"_links":{"self":[{"href":"https:\/\/www.lesmaconsdelacreuse.fr\/annuaires\/wp-json\/wp\/v2\/posts\/8811","targetHints":{"allow":["GET"]}}],"collection":[{"href":"https:\/\/www.lesmaconsdelacreuse.fr\/annuaires\/wp-json\/wp\/v2\/posts"}],"about":[{"href":"https:\/\/www.lesmaconsdelacreuse.fr\/annuaires\/wp-json\/wp\/v2\/types\/post"}],"author":[{"embeddable":true,"href":"https:\/\/www.lesmaconsdelacreuse.fr\/annuaires\/wp-json\/wp\/v2\/users\/6"}],"replies":[{"embeddable":true,"href":"https:\/\/www.lesmaconsdelacreuse.fr\/annuaires\/wp-json\/wp\/v2\/comments?post=8811"}],"version-history":[{"count":2,"href":"https:\/\/www.lesmaconsdelacreuse.fr\/annuaires\/wp-json\/wp\/v2\/posts\/8811\/revisions"}],"predecessor-version":[{"id":197653,"href":"https:\/\/www.lesmaconsdelacreuse.fr\/annuaires\/wp-json\/wp\/v2\/posts\/8811\/revisions\/197653"}],"wp:attachment":[{"href":"https:\/\/www.lesmaconsdelacreuse.fr\/annuaires\/wp-json\/wp\/v2\/media?parent=8811"}],"wp:term":[{"taxonomy":"category","embeddable":true,"href":"https:\/\/www.lesmaconsdelacreuse.fr\/annuaires\/wp-json\/wp\/v2\/categories?post=8811"},{"taxonomy":"post_tag","embeddable":true,"href":"https:\/\/www.lesmaconsdelacreuse.fr\/annuaires\/wp-json\/wp\/v2\/tags?post=8811"}],"curies":[{"name":"wp","href":"https:\/\/api.w.org\/{rel}","templated":true}]}}