{"id":8814,"date":"2019-07-28T13:38:22","date_gmt":"2019-07-28T11:38:22","guid":{"rendered":"http:\/\/lesmaconsdelacreuse.fr\/annuaire\/?p=8814"},"modified":"2023-01-02T10:41:01","modified_gmt":"2023-01-02T09:41:01","slug":"l_1744","status":"publish","type":"post","link":"https:\/\/www.lesmaconsdelacreuse.fr\/annuaires\/lettre-l\/l_1744\/","title":{"rendered":"LOUPINAUD L\u00e9onard (vers 1658-entre 1680 et 1688)"},"content":{"rendered":"<p class=\"last-updated\"><strong>Mis \u00e0 jour le :<\/strong> 29\/04\/2026<\/p><h2 style=\"text-align: center;\"><strong>L\u00e9onard LOUPINAUD<\/strong><\/h2>\n<p style=\"text-align: center;\"><strong>vers 1658 \u2013 entre 1680 et 1688<\/strong><\/p>\n<p style=\"text-align: center;\"><img decoding=\"async\" title=\"\" src=\"https:\/\/lesmaconsdelacreuse.fr\/annuaire\/wp-content\/uploads\/2019\/07\/image1-2253.jpg\" alt=\"\" data-source-id=\"i.0\" data-asset-id=\"8809\" \/><\/p>\n<h4 style=\"text-align: center;\"><span style=\"color: #008000;\"><strong>ma\u00e7on<\/strong><\/span><\/h4>\n<p style=\"text-align: center;\">n\u00e9 \u00e0 Orladeix (Roy\u00e8re)\u00a0?<\/p>\n<p style=\"text-align: center;\">vers 1658<\/p>\n<p style=\"text-align: center;\">fils de<\/p>\n<p style=\"text-align: center;\">Jacques LOUPINAUD \/ Anne CHAPEAUBLANC<\/p>\n<p style=\"text-align: center;\">laboureurs<\/p>\n<p style=\"text-align: center;\"><span style=\"color: #ffffff;\">\u25d9<\/span><\/p>\n<p><em>L\u00e9onard \u00e9pouse Catherine <\/em><strong>LANTY<\/strong><em> le 11 f\u00e9vrier <\/em><strong>1673<\/strong><em> \u00e0 Faux-la-Montagne (contrat Maledent \u00e0 Gentioux).<\/em><\/p>\n<p><em> Ils habitent Orladeix.<\/em><\/p>\n<p>En 1688<em>, Catherine veuve, se remarie avec L\u00e9onard FALLY, <\/em><strong>en 1697<\/strong><em>, avec Moreil COUQUE.<\/em><\/p>\n<p>S17<\/p>\n","protected":false},"excerpt":{"rendered":"<p>Mis \u00e0 jour le : 29\/04\/2026L\u00e9onard LOUPINAUD vers 1658 \u2013 entre 1680 et 1688 ma\u00e7on n\u00e9 \u00e0 Orladeix (Roy\u00e8re)\u00a0? vers 1658 fils de Jacques LOUPINAUD \/ Anne CHAPEAUBLANC laboureurs \u25d9 L\u00e9onard \u00e9pouse Catherine LANTY le 11 f\u00e9vrier 1673 \u00e0 Faux-la-Montagne (contrat Maledent \u00e0 Gentioux). Ils habitent Orladeix. En 1688, Catherine veuve, se remarie avec L\u00e9onard ..<\/p>\n<div class=\"clear-fix\"><\/div>\n<p><a href=\"https:\/\/www.lesmaconsdelacreuse.fr\/annuaires\/lettre-l\/l_1744\/\" title=\"Lire la suite...\">Lire la suite<\/a><\/p>\n","protected":false},"author":6,"featured_media":0,"comment_status":"closed","ping_status":"closed","sticky":false,"template":"","format":"standard","meta":{"_acf_changed":false,"_exactmetrics_skip_tracking":false,"_exactmetrics_sitenote_active":false,"_exactmetrics_sitenote_note":"","_exactmetrics_sitenote_category":0,"footnotes":""},"categories":[19],"tags":[],"class_list":["post-8814","post","type-post","status-publish","format-standard","hentry","category-lettre-l"],"acf":[],"_links":{"self":[{"href":"https:\/\/www.lesmaconsdelacreuse.fr\/annuaires\/wp-json\/wp\/v2\/posts\/8814","targetHints":{"allow":["GET"]}}],"collection":[{"href":"https:\/\/www.lesmaconsdelacreuse.fr\/annuaires\/wp-json\/wp\/v2\/posts"}],"about":[{"href":"https:\/\/www.lesmaconsdelacreuse.fr\/annuaires\/wp-json\/wp\/v2\/types\/post"}],"author":[{"embeddable":true,"href":"https:\/\/www.lesmaconsdelacreuse.fr\/annuaires\/wp-json\/wp\/v2\/users\/6"}],"replies":[{"embeddable":true,"href":"https:\/\/www.lesmaconsdelacreuse.fr\/annuaires\/wp-json\/wp\/v2\/comments?post=8814"}],"version-history":[{"count":1,"href":"https:\/\/www.lesmaconsdelacreuse.fr\/annuaires\/wp-json\/wp\/v2\/posts\/8814\/revisions"}],"predecessor-version":[{"id":203396,"href":"https:\/\/www.lesmaconsdelacreuse.fr\/annuaires\/wp-json\/wp\/v2\/posts\/8814\/revisions\/203396"}],"wp:attachment":[{"href":"https:\/\/www.lesmaconsdelacreuse.fr\/annuaires\/wp-json\/wp\/v2\/media?parent=8814"}],"wp:term":[{"taxonomy":"category","embeddable":true,"href":"https:\/\/www.lesmaconsdelacreuse.fr\/annuaires\/wp-json\/wp\/v2\/categories?post=8814"},{"taxonomy":"post_tag","embeddable":true,"href":"https:\/\/www.lesmaconsdelacreuse.fr\/annuaires\/wp-json\/wp\/v2\/tags?post=8814"}],"curies":[{"name":"wp","href":"https:\/\/api.w.org\/{rel}","templated":true}]}}