{"id":8834,"date":"2019-07-28T13:38:20","date_gmt":"2019-07-28T11:38:20","guid":{"rendered":"http:\/\/lesmaconsdelacreuse.fr\/annuaire\/?p=8834"},"modified":"2022-04-15T18:08:56","modified_gmt":"2022-04-15T16:08:56","slug":"l_1721","status":"publish","type":"post","link":"https:\/\/www.lesmaconsdelacreuse.fr\/annuaires\/lettre-l\/l_1721\/","title":{"rendered":"LISSANDRE L\u00e9onard (1848-1920)"},"content":{"rendered":"<p class=\"last-updated\"><strong>Mis \u00e0 jour le :<\/strong> 29\/04\/2026<\/p><h2 style=\"text-align: center;\"><strong>L\u00e9onard LISSANDRE<\/strong><\/h2>\n<p style=\"text-align: center;\"><strong>1848 \u2013 1920<\/strong><\/p>\n<p style=\"text-align: center;\"><img decoding=\"async\" title=\"\" src=\"https:\/\/lesmaconsdelacreuse.fr\/annuaire\/wp-content\/uploads\/2019\/07\/image1-2259.jpg\" alt=\"\" data-source-id=\"i.0\" data-asset-id=\"8832\" \/><\/p>\n<h4 style=\"text-align: center;\"><span style=\"color: #008000;\"><strong>ma\u00e7on<\/strong> et <strong>pl\u00e2trier<\/strong><\/span><\/h4>\n<p>&nbsp;<\/p>\n<p style=\"text-align: center;\">n\u00e9 au Mont (Tarnac &#8211; 19)<\/p>\n<p style=\"text-align: center;\">le 21 septembre 1848<\/p>\n<p style=\"text-align: center;\">fils de<\/p>\n<p style=\"text-align: center;\">Fran\u00e7ois LISSANDRE, \u25ba<a href=\"https:\/\/www.lesmaconsdelacreuse.fr\/annuaires\/wp-content\/uploads\/2020\/08\/SCIEUR-DE-LONG.png\" target=\"_blank\" rel=\"noopener noreferrer\">scieur de long<\/a> ;Jeanne CHADEBECH<\/p>\n<p style=\"text-align: center;\"><span style=\"color: #ffffff;\">\u25d9<\/span><\/p>\n<p><em>L\u00e9onard habite Lavergne, commune du Monteil-au-Vicomte, avec sa m\u00e8re, lorsqu\u2019il \u00e9pouse Marie <\/em><strong>JOUANAUD<\/strong><em>, couturi\u00e8re, le 29 octobre <\/em><strong>1872<\/strong><em> \u00e0 Saint-Pierre-le-Bost\u00a0 (contrat Laville au Monteil). <\/em><\/p>\n<p><em>Les \u00e9poux vivent d\u2019abord \u00e0 La Bussi\u00e8re, commune de Saint-Pierre. <\/em><\/p>\n<p><strong>D\u00e8s 1880<\/strong><em>, ils habitent <\/em><span style=\"color: #0000ff;\"><strong>Paris (75)<\/strong><\/span><em>, 7, rue Saint-M\u00e9dard, 5<sup>e<\/sup> arrondissement<\/em><\/p>\n<p><em>\u00a0<\/em><strong>en 1891 et 1894<\/strong><em>, 99, boulevard de la Gare, 13<sup>e<\/sup> arrondissement\u00a0;<\/em><\/p>\n<p><strong>\u00a0en 1897<\/strong><em>, 52, rue Clisson, aussi 13<sup>e\u00a0<\/sup>;<\/em><\/p>\n<p><strong>\u00a0en 1912 et \u00a01920<\/strong><em>, 43, rue de Patay, 13e<\/em><\/p>\n<p><em>\u00a0<\/em><em>L\u00e9onard d\u00e9c\u00e8de le 4 ao\u00fbt <\/em><strong>1920<\/strong><em> au 13<sup>e<\/sup> arrondissement, \u00e2g\u00e9 de 71 ans.<\/em><\/p>\n<p>&nbsp;<\/p>\n","protected":false},"excerpt":{"rendered":"<p>Mis \u00e0 jour le : 29\/04\/2026L\u00e9onard LISSANDRE 1848 \u2013 1920 ma\u00e7on et pl\u00e2trier &nbsp; n\u00e9 au Mont (Tarnac &#8211; 19) le 21 septembre 1848 fils de Fran\u00e7ois LISSANDRE, \u25bascieur de long ;Jeanne CHADEBECH \u25d9 L\u00e9onard habite Lavergne, commune du Monteil-au-Vicomte, avec sa m\u00e8re, lorsqu\u2019il \u00e9pouse Marie JOUANAUD, couturi\u00e8re, le 29 octobre 1872 \u00e0 Saint-Pierre-le-Bost\u00a0 (contrat ..<\/p>\n<div class=\"clear-fix\"><\/div>\n<p><a href=\"https:\/\/www.lesmaconsdelacreuse.fr\/annuaires\/lettre-l\/l_1721\/\" title=\"Lire la suite...\">Lire la suite<\/a><\/p>\n","protected":false},"author":6,"featured_media":0,"comment_status":"closed","ping_status":"closed","sticky":false,"template":"","format":"standard","meta":{"_acf_changed":false,"_exactmetrics_skip_tracking":false,"_exactmetrics_sitenote_active":false,"_exactmetrics_sitenote_note":"","_exactmetrics_sitenote_category":0,"footnotes":""},"categories":[19],"tags":[],"class_list":["post-8834","post","type-post","status-publish","format-standard","hentry","category-lettre-l"],"acf":[],"_links":{"self":[{"href":"https:\/\/www.lesmaconsdelacreuse.fr\/annuaires\/wp-json\/wp\/v2\/posts\/8834","targetHints":{"allow":["GET"]}}],"collection":[{"href":"https:\/\/www.lesmaconsdelacreuse.fr\/annuaires\/wp-json\/wp\/v2\/posts"}],"about":[{"href":"https:\/\/www.lesmaconsdelacreuse.fr\/annuaires\/wp-json\/wp\/v2\/types\/post"}],"author":[{"embeddable":true,"href":"https:\/\/www.lesmaconsdelacreuse.fr\/annuaires\/wp-json\/wp\/v2\/users\/6"}],"replies":[{"embeddable":true,"href":"https:\/\/www.lesmaconsdelacreuse.fr\/annuaires\/wp-json\/wp\/v2\/comments?post=8834"}],"version-history":[{"count":2,"href":"https:\/\/www.lesmaconsdelacreuse.fr\/annuaires\/wp-json\/wp\/v2\/posts\/8834\/revisions"}],"predecessor-version":[{"id":197651,"href":"https:\/\/www.lesmaconsdelacreuse.fr\/annuaires\/wp-json\/wp\/v2\/posts\/8834\/revisions\/197651"}],"wp:attachment":[{"href":"https:\/\/www.lesmaconsdelacreuse.fr\/annuaires\/wp-json\/wp\/v2\/media?parent=8834"}],"wp:term":[{"taxonomy":"category","embeddable":true,"href":"https:\/\/www.lesmaconsdelacreuse.fr\/annuaires\/wp-json\/wp\/v2\/categories?post=8834"},{"taxonomy":"post_tag","embeddable":true,"href":"https:\/\/www.lesmaconsdelacreuse.fr\/annuaires\/wp-json\/wp\/v2\/tags?post=8834"}],"curies":[{"name":"wp","href":"https:\/\/api.w.org\/{rel}","templated":true}]}}