{"id":8852,"date":"2019-07-28T13:38:19","date_gmt":"2019-07-28T11:38:19","guid":{"rendered":"http:\/\/lesmaconsdelacreuse.fr\/annuaire\/?p=8852"},"modified":"2020-01-20T11:28:14","modified_gmt":"2020-01-20T10:28:14","slug":"l_1709","status":"publish","type":"post","link":"https:\/\/www.lesmaconsdelacreuse.fr\/annuaires\/lettre-l\/l_1709\/","title":{"rendered":"LINTIGNAT Jean Joseph (1878-1942)"},"content":{"rendered":"<p class=\"last-updated\"><strong>Mis \u00e0 jour le :<\/strong> 29\/04\/2026<\/p><h2 style=\"text-align: center;\"><strong>Jean Joseph LINTIGNAT<\/strong><\/h2>\n<p style=\"text-align: center;\"><strong>1878 \u2013 1942<\/strong><\/p>\n<p style=\"text-align: center;\"><img decoding=\"async\" title=\"\" src=\"https:\/\/lesmaconsdelacreuse.fr\/annuaire\/wp-content\/uploads\/2019\/07\/image1-2266.jpg\" alt=\"\" data-source-id=\"i.0\" data-asset-id=\"8848\" \/><\/p>\n<h4 style=\"text-align: center;\"><span style=\"color: #008000;\"><strong>ma\u00e7on<\/strong><\/span><\/h4>\n<p style=\"text-align: center;\">n\u00e9 aux Chabri\u00e8res (Roy\u00e8re)<\/p>\n<p style=\"text-align: center;\">le 20 octobre 1878<\/p>\n<p style=\"text-align: center;\">fils de<\/p>\n<p style=\"text-align: center;\">L\u00e9onard LINTIGNAT, <span style=\"color: #008000;\"><strong>ma\u00e7on<\/strong><\/span><\/p>\n<p style=\"text-align: center;\">L\u00e9onarde ANDRIEUX, cultivatrice<\/p>\n<p style=\"text-align: center;\"><span style=\"color: #ffffff;\">\u25d9<\/span><\/p>\n<p><strong>En 1902<\/strong><em>, Jean travaille \u00e0 <\/em><span style=\"color: #0000ff;\"><strong>Lyon (69)<\/strong><\/span><em> et loge\u00a075, rue Paul Bert<\/em><\/p>\n<p><em>Il \u00e9pouse Anna <\/em><strong>COUFFY<\/strong><em> le 13 f\u00e9vrier <\/em><strong>1906<\/strong> <em>\u00e0 Roy\u00e8re (mari\u00e9s sans contrat). <\/em><\/p>\n<p><strong>En 1907<\/strong><em>, il habite 196, rue Boileau.<\/em><\/p>\n<p><strong>En 1910<\/strong><em>, les \u00e9poux sont ensemble \u00e0 Lyon\u00a0:<\/em><\/p>\n<p><span style=\"color: #000000;\"><strong>en 1914 et \u25ba<a target=\"_blank\"style=\"color: #000000;\" href=\"https:\/\/www.lesmaconsdelacreuse.fr\/annuaires\/\/wp-content\/uploads\/DOCUMENTS\/1921_-_Jean_Joseph_LINTIGNAT_a_Lyon.pdf\">1921<\/a><\/strong><\/span><a target=\"_blank\"href=\"https:\/\/www.lesmaconsdelacreuse.fr\/annuaires\/\/wp-content\/uploads\/DOCUMENTS\/1921_-_Jean_Joseph_LINTIGNAT_a_Lyon.pdf\">,<\/a><em> 86, rue Bonnel.<\/em><\/p>\n<p><strong><span style=\"color: #000000;\">En 1923<\/span><\/strong><em>, ils sont \u00e0 la m\u00eame adresse.<\/em><\/p>\n<p><em>Ils d\u00e9c\u00e8dent\u00a0:<\/em><\/p>\n<ul>\n<li><em>Jean Joseph, au Villard, commune de Roy\u00e8re, le 18 f\u00e9vrier <\/em><strong>1942<\/strong><em>, \u00e2g\u00e9 de 63 ans<\/em><\/li>\n<li><em>Anna, \u00e0 Lyon 1er, le 28 d\u00e9cembre <\/em><strong>1959<\/strong>,<em> \u00e2g\u00e9e de 78 ans, en son domicile, 7, rue du Jardin des Plantes<\/em><\/li>\n<\/ul>\n","protected":false},"excerpt":{"rendered":"<p>Mis \u00e0 jour le : 29\/04\/2026Jean Joseph LINTIGNAT 1878 \u2013 1942 ma\u00e7on n\u00e9 aux Chabri\u00e8res (Roy\u00e8re) le 20 octobre 1878 fils de L\u00e9onard LINTIGNAT, ma\u00e7on L\u00e9onarde ANDRIEUX, cultivatrice \u25d9 En 1902, Jean travaille \u00e0 Lyon (69) et loge\u00a075, rue Paul Bert Il \u00e9pouse Anna COUFFY le 13 f\u00e9vrier 1906 \u00e0 Roy\u00e8re (mari\u00e9s sans contrat). En ..<\/p>\n<div class=\"clear-fix\"><\/div>\n<p><a href=\"https:\/\/www.lesmaconsdelacreuse.fr\/annuaires\/lettre-l\/l_1709\/\" title=\"Lire la suite...\">Lire la suite<\/a><\/p>\n","protected":false},"author":6,"featured_media":0,"comment_status":"closed","ping_status":"closed","sticky":false,"template":"","format":"standard","meta":{"_acf_changed":false,"_exactmetrics_skip_tracking":false,"_exactmetrics_sitenote_active":false,"_exactmetrics_sitenote_note":"","_exactmetrics_sitenote_category":0,"footnotes":""},"categories":[19],"tags":[],"class_list":["post-8852","post","type-post","status-publish","format-standard","hentry","category-lettre-l"],"acf":[],"_links":{"self":[{"href":"https:\/\/www.lesmaconsdelacreuse.fr\/annuaires\/wp-json\/wp\/v2\/posts\/8852","targetHints":{"allow":["GET"]}}],"collection":[{"href":"https:\/\/www.lesmaconsdelacreuse.fr\/annuaires\/wp-json\/wp\/v2\/posts"}],"about":[{"href":"https:\/\/www.lesmaconsdelacreuse.fr\/annuaires\/wp-json\/wp\/v2\/types\/post"}],"author":[{"embeddable":true,"href":"https:\/\/www.lesmaconsdelacreuse.fr\/annuaires\/wp-json\/wp\/v2\/users\/6"}],"replies":[{"embeddable":true,"href":"https:\/\/www.lesmaconsdelacreuse.fr\/annuaires\/wp-json\/wp\/v2\/comments?post=8852"}],"version-history":[{"count":0,"href":"https:\/\/www.lesmaconsdelacreuse.fr\/annuaires\/wp-json\/wp\/v2\/posts\/8852\/revisions"}],"wp:attachment":[{"href":"https:\/\/www.lesmaconsdelacreuse.fr\/annuaires\/wp-json\/wp\/v2\/media?parent=8852"}],"wp:term":[{"taxonomy":"category","embeddable":true,"href":"https:\/\/www.lesmaconsdelacreuse.fr\/annuaires\/wp-json\/wp\/v2\/categories?post=8852"},{"taxonomy":"post_tag","embeddable":true,"href":"https:\/\/www.lesmaconsdelacreuse.fr\/annuaires\/wp-json\/wp\/v2\/tags?post=8852"}],"curies":[{"name":"wp","href":"https:\/\/api.w.org\/{rel}","templated":true}]}}