{"id":8860,"date":"2019-07-28T13:38:16","date_gmt":"2019-07-28T11:38:16","guid":{"rendered":"http:\/\/lesmaconsdelacreuse.fr\/annuaire\/?p=8860"},"modified":"2020-10-03T13:48:10","modified_gmt":"2020-10-03T11:48:10","slug":"l_1696","status":"publish","type":"post","link":"https:\/\/www.lesmaconsdelacreuse.fr\/annuaires\/lettre-l\/l_1696\/","title":{"rendered":"LIARD Pierre (1832-1874)"},"content":{"rendered":"<p class=\"last-updated\"><strong>Mis \u00e0 jour le :<\/strong> 29\/04\/2026<\/p><h2 style=\"text-align: center;\"><strong>Pierre LIARD<\/strong><\/h2>\n<p style=\"text-align: center;\"><strong>1832 \u2013 1874<\/strong><\/p>\n<p style=\"text-align: center;\"><img decoding=\"async\" title=\"\" src=\"https:\/\/lesmaconsdelacreuse.fr\/annuaire\/wp-content\/uploads\/2019\/07\/image1-2270.jpg\" alt=\"\" data-source-id=\"i.0\" data-asset-id=\"8857\" \/><\/p>\n<h4 style=\"text-align: center;\"><span style=\"color: #008000;\"><strong>ma\u00e7on <\/strong>et <strong>propri\u00e9taire cultivateur<\/strong><\/span><\/h4>\n<p>&nbsp;<\/p>\n<p style=\"text-align: center;\">n\u00e9 au Petit-Auriat (Saint-Junien-la-Breg\u00e8re)<\/p>\n<p style=\"text-align: center;\">le 14 avril 1832<\/p>\n<p style=\"text-align: center;\">fils de<\/p>\n<p style=\"text-align: center;\">L\u00e9ger LIARD, <span style=\"color: #008000;\"><strong>ma\u00e7on <\/strong><\/span>et \u25ba<a href=\"https:\/\/www.lesmaconsdelacreuse.fr\/annuaires\/wp-content\/uploads\/2020\/08\/SCIEUR-DE-LONG.png\" target=\"_blank\" rel=\"noopener noreferrer\">scieur de long<\/a><\/p>\n<p style=\"text-align: center;\">Fran\u00e7oise BONTEMPS<\/p>\n<p style=\"text-align: center;\">propri\u00e9taires cultivateurs<\/p>\n<p style=\"text-align: center;\"><span style=\"color: #ffffff;\">\u25d9<\/span><\/p>\n<p><em>Pierre \u00e9pouse Marie <\/em><strong>LAIN\u00c9 <\/strong><em>le 6 mars <\/em><strong>1860<\/strong> <em>\u00e0 Saint-Pardoux-Lavaud\u00a0 (contrat Filliatre \u00e0 Bourganeuf). <\/em><\/p>\n<p><em>Le couple vit au Petit-Auriat.<\/em><\/p>\n<p><em>Pierre y d\u00e9c\u00e8de le 10 juin <\/em><strong>1874<\/strong>, <em>\u00e2g\u00e9 de 42 ans. <\/em><\/p>\n<p><em>Sa veuve d\u00e9c\u00e8de \u00e0 Lyon (69)<\/em> <em>4e,\u25ba <a href=\"https:\/\/www.lesmaconsdelacreuse.fr\/annuaires\/\/wp-content\/uploads\/PHOTOS_-_CARTES_POSTALES\/LYON_-_Hopital_de_la_Croix_Rousse.jpg\" target=\"_blank\" rel=\"noopener noreferrer\">H\u00f4pital de la Croix-Rousse<\/a>, le 6 novembre <\/em>1876<em>, \u00e2g\u00e9e de 46 ans\u00a0; elle est concierge, 2, rue Valfeni\u00e8re.<\/em><\/p>\n<p>&nbsp;<\/p>\n","protected":false},"excerpt":{"rendered":"<p>Mis \u00e0 jour le : 29\/04\/2026Pierre LIARD 1832 \u2013 1874 ma\u00e7on et propri\u00e9taire cultivateur &nbsp; n\u00e9 au Petit-Auriat (Saint-Junien-la-Breg\u00e8re) le 14 avril 1832 fils de L\u00e9ger LIARD, ma\u00e7on et \u25bascieur de long Fran\u00e7oise BONTEMPS propri\u00e9taires cultivateurs \u25d9 Pierre \u00e9pouse Marie LAIN\u00c9 le 6 mars 1860 \u00e0 Saint-Pardoux-Lavaud\u00a0 (contrat Filliatre \u00e0 Bourganeuf). Le couple vit au ..<\/p>\n<div class=\"clear-fix\"><\/div>\n<p><a href=\"https:\/\/www.lesmaconsdelacreuse.fr\/annuaires\/lettre-l\/l_1696\/\" title=\"Lire la suite...\">Lire la suite<\/a><\/p>\n","protected":false},"author":6,"featured_media":0,"comment_status":"closed","ping_status":"closed","sticky":false,"template":"","format":"standard","meta":{"_acf_changed":false,"_exactmetrics_skip_tracking":false,"_exactmetrics_sitenote_active":false,"_exactmetrics_sitenote_note":"","_exactmetrics_sitenote_category":0,"footnotes":""},"categories":[19],"tags":[],"class_list":["post-8860","post","type-post","status-publish","format-standard","hentry","category-lettre-l"],"acf":[],"_links":{"self":[{"href":"https:\/\/www.lesmaconsdelacreuse.fr\/annuaires\/wp-json\/wp\/v2\/posts\/8860","targetHints":{"allow":["GET"]}}],"collection":[{"href":"https:\/\/www.lesmaconsdelacreuse.fr\/annuaires\/wp-json\/wp\/v2\/posts"}],"about":[{"href":"https:\/\/www.lesmaconsdelacreuse.fr\/annuaires\/wp-json\/wp\/v2\/types\/post"}],"author":[{"embeddable":true,"href":"https:\/\/www.lesmaconsdelacreuse.fr\/annuaires\/wp-json\/wp\/v2\/users\/6"}],"replies":[{"embeddable":true,"href":"https:\/\/www.lesmaconsdelacreuse.fr\/annuaires\/wp-json\/wp\/v2\/comments?post=8860"}],"version-history":[{"count":0,"href":"https:\/\/www.lesmaconsdelacreuse.fr\/annuaires\/wp-json\/wp\/v2\/posts\/8860\/revisions"}],"wp:attachment":[{"href":"https:\/\/www.lesmaconsdelacreuse.fr\/annuaires\/wp-json\/wp\/v2\/media?parent=8860"}],"wp:term":[{"taxonomy":"category","embeddable":true,"href":"https:\/\/www.lesmaconsdelacreuse.fr\/annuaires\/wp-json\/wp\/v2\/categories?post=8860"},{"taxonomy":"post_tag","embeddable":true,"href":"https:\/\/www.lesmaconsdelacreuse.fr\/annuaires\/wp-json\/wp\/v2\/tags?post=8860"}],"curies":[{"name":"wp","href":"https:\/\/api.w.org\/{rel}","templated":true}]}}