{"id":8873,"date":"2019-07-28T13:38:15","date_gmt":"2019-07-28T11:38:15","guid":{"rendered":"http:\/\/lesmaconsdelacreuse.fr\/annuaire\/?p=8873"},"modified":"2020-10-03T13:48:26","modified_gmt":"2020-10-03T11:48:26","slug":"l_1686","status":"publish","type":"post","link":"https:\/\/www.lesmaconsdelacreuse.fr\/annuaires\/lettre-l\/l_1686\/","title":{"rendered":"LIARD Fran\u00e7ois (1837-1894)"},"content":{"rendered":"<p class=\"last-updated\"><strong>Mis \u00e0 jour le :<\/strong> 29\/04\/2026<\/p><h2 style=\"text-align: center;\"><strong>Fran\u00e7ois LIARD<\/strong><\/h2>\n<p style=\"text-align: center;\"><strong>1837 \u2013 1894<\/strong><\/p>\n<p style=\"text-align: center;\"><img decoding=\"async\" title=\"\" src=\"https:\/\/lesmaconsdelacreuse.fr\/annuaire\/wp-content\/uploads\/2019\/07\/image1-2275.jpg\" alt=\"\" data-source-id=\"i.0\" data-asset-id=\"8870\" \/><\/p>\n<h4 style=\"text-align: center;\"><span style=\"color: #008000;\"><strong>ma\u00e7on<\/strong><\/span><\/h4>\n<p>&nbsp;<\/p>\n<p style=\"text-align: center;\">n\u00e9 au Petit-Auriat (Saint-Junien-la-Breg\u00e8re)<\/p>\n<p style=\"text-align: center;\">le 17 mai 1837<\/p>\n<p style=\"text-align: center;\">fils de<\/p>\n<p style=\"text-align: center;\">L\u00e9ger LIARD, <span style=\"color: #008000;\"><strong>ma\u00e7on <\/strong><\/span>et \u25ba<a href=\"https:\/\/www.lesmaconsdelacreuse.fr\/annuaires\/wp-content\/uploads\/2020\/08\/SCIEUR-DE-LONG.png\" target=\"_blank\" rel=\"noopener noreferrer\">scieur de long<\/a><\/p>\n<p style=\"text-align: center;\">Fran\u00e7oise BONTEMPS<\/p>\n<p style=\"text-align: center;\">propri\u00e9taires cultivateurs<\/p>\n<p style=\"text-align: center;\"><span style=\"color: #ffffff;\">\u25d9<\/span><\/p>\n<p><strong>En 1874<\/strong><em>, Fran\u00e7ois travaille \u00e0 <\/em><span style=\"color: #0000ff;\"><strong>Lyon (69)<\/strong><\/span><em> et loge 11, rue des Carmes D\u00e9chauss\u00e9s.<\/em><\/p>\n<p><em>Il \u00e9pouse le 6 janvier de la m\u00eame ann\u00e9e \u00e0 Lyon<\/em> <em>5e Marie-Rose <\/em><strong>CHIRAT<\/strong><em>, domestique, venue de l\u2019Ard\u00e8che (mari\u00e9s sans contrat). L\u2019acte de mariage l\u00e9gitime un enfant n\u00e9 d\u2019eux en 1872. <\/em><\/p>\n<p><strong>En 1856, 1877, 1884, 1887 et 1888<\/strong>,<em> il habite chez Lachaux, 9, rue Vierge, 7e\u00a0 arrondissement\u00a0; 4, rue Saint-Georges, 5e\u00a0 arrondissement, 12, rue Bellecordi\u00e8re, 2e arrondissement.<\/em><\/p>\n<p><em>Durant ces ann\u00e9es, il est incarc\u00e9r\u00e9 \u00e0 la \u25ba<a href=\"https:\/\/www.lesmaconsdelacreuse.fr\/annuaires\/wp-content\/uploads\/2020\/08\/PRISON-SAINT-PAUL.png\" target=\"_blank\" rel=\"noopener noreferrer\">prison Saint-Paul<\/a>, puis \u00e0 la <a href=\"https:\/\/www.lesmaconsdelacreuse.fr\/annuaires\/\/wp-content\/uploads\/LEXIQUE\/PRISON_SAINT-JOSEPH.pdf\" target=\"_blank\" rel=\"noopener noreferrer\">\u25ba<\/a><a href=\"https:\/\/www.lesmaconsdelacreuse.fr\/annuaires\/wp-content\/uploads\/2020\/07\/PRISON-SAINT-JOSEPH.png\" target=\"_blank\" rel=\"noopener noreferrer\">prison Saint-Joseph<\/a> de Lyon pour vol et complicit\u00e9, abus de confiance et mendicit\u00e9. <\/em><\/p>\n<p><strong>En 1865<\/strong><em>, il fait une demande de \u25ba<a href=\"https:\/\/www.lesmaconsdelacreuse.fr\/annuaires\/wp-content\/uploads\/2019\/08\/LIVRET-OUVRIER.png\" target=\"_blank\" rel=\"noopener noreferrer\">livret d&rsquo;ouvrier<\/a> pour travailler chez Maucourant, 31, rue des Macchab\u00e9es, 5e\u00a0 arrondissement ;<\/em><\/p>\n<p><strong>en 1875<\/strong><em>, pour l\u2019entreprise Surdieux, et l\u2019entreprise Pelletier.<\/em><\/p>\n<p><strong>En 1876<\/strong><em>, les \u00e9poux habitent 4, place Saint-Georges, 5e arrondissement.<\/em><\/p>\n<p><strong>En 1891<\/strong><em>, Fran\u00e7ois est veuf, et loge 46, rue des Macchab\u00e9es.<\/em><\/p>\n<p><em>Il d\u00e9c\u00e8de de tuberculose pulmonaire \u00e0 \u25ba<a href=\"https:\/\/www.lesmaconsdelacreuse.fr\/annuaires\/\/uploads\/photos\/LYON_-_Hopital_de_lHotel-Dieu.jpg\" target=\"_blank\" rel=\"noopener noreferrer\">l\u2019H\u00f4tel-Dieu<\/a> de Lyon le 10 ao\u00fbt <\/em><strong>1894<\/strong><em>, \u00e2g\u00e9 de 57 ans. <\/em><\/p>\n<p>&nbsp;<\/p>\n","protected":false},"excerpt":{"rendered":"<p>Mis \u00e0 jour le : 29\/04\/2026Fran\u00e7ois LIARD 1837 \u2013 1894 ma\u00e7on &nbsp; n\u00e9 au Petit-Auriat (Saint-Junien-la-Breg\u00e8re) le 17 mai 1837 fils de L\u00e9ger LIARD, ma\u00e7on et \u25bascieur de long Fran\u00e7oise BONTEMPS propri\u00e9taires cultivateurs \u25d9 En 1874, Fran\u00e7ois travaille \u00e0 Lyon (69) et loge 11, rue des Carmes D\u00e9chauss\u00e9s. Il \u00e9pouse le 6 janvier de la ..<\/p>\n<div class=\"clear-fix\"><\/div>\n<p><a href=\"https:\/\/www.lesmaconsdelacreuse.fr\/annuaires\/lettre-l\/l_1686\/\" title=\"Lire la suite...\">Lire la suite<\/a><\/p>\n","protected":false},"author":6,"featured_media":0,"comment_status":"closed","ping_status":"closed","sticky":false,"template":"","format":"standard","meta":{"_acf_changed":false,"_exactmetrics_skip_tracking":false,"_exactmetrics_sitenote_active":false,"_exactmetrics_sitenote_note":"","_exactmetrics_sitenote_category":0,"footnotes":""},"categories":[19],"tags":[],"class_list":["post-8873","post","type-post","status-publish","format-standard","hentry","category-lettre-l"],"acf":[],"_links":{"self":[{"href":"https:\/\/www.lesmaconsdelacreuse.fr\/annuaires\/wp-json\/wp\/v2\/posts\/8873","targetHints":{"allow":["GET"]}}],"collection":[{"href":"https:\/\/www.lesmaconsdelacreuse.fr\/annuaires\/wp-json\/wp\/v2\/posts"}],"about":[{"href":"https:\/\/www.lesmaconsdelacreuse.fr\/annuaires\/wp-json\/wp\/v2\/types\/post"}],"author":[{"embeddable":true,"href":"https:\/\/www.lesmaconsdelacreuse.fr\/annuaires\/wp-json\/wp\/v2\/users\/6"}],"replies":[{"embeddable":true,"href":"https:\/\/www.lesmaconsdelacreuse.fr\/annuaires\/wp-json\/wp\/v2\/comments?post=8873"}],"version-history":[{"count":0,"href":"https:\/\/www.lesmaconsdelacreuse.fr\/annuaires\/wp-json\/wp\/v2\/posts\/8873\/revisions"}],"wp:attachment":[{"href":"https:\/\/www.lesmaconsdelacreuse.fr\/annuaires\/wp-json\/wp\/v2\/media?parent=8873"}],"wp:term":[{"taxonomy":"category","embeddable":true,"href":"https:\/\/www.lesmaconsdelacreuse.fr\/annuaires\/wp-json\/wp\/v2\/categories?post=8873"},{"taxonomy":"post_tag","embeddable":true,"href":"https:\/\/www.lesmaconsdelacreuse.fr\/annuaires\/wp-json\/wp\/v2\/tags?post=8873"}],"curies":[{"name":"wp","href":"https:\/\/api.w.org\/{rel}","templated":true}]}}