{"id":8877,"date":"2019-07-28T13:38:12","date_gmt":"2019-07-28T11:38:12","guid":{"rendered":"http:\/\/lesmaconsdelacreuse.fr\/annuaire\/?p=8877"},"modified":"2022-04-15T18:45:08","modified_gmt":"2022-04-15T16:45:08","slug":"l_1749","status":"publish","type":"post","link":"https:\/\/www.lesmaconsdelacreuse.fr\/annuaires\/lettre-l\/l_1749\/","title":{"rendered":"LETEIX L\u00e9onard (vers 1797-1864)"},"content":{"rendered":"<p class=\"last-updated\"><strong>Mis \u00e0 jour le :<\/strong> 29\/04\/2026<\/p><h2 style=\"text-align: center;\"><strong>L\u00e9onard LETEIX<\/strong><\/h2>\n<p style=\"text-align: center;\"><strong>vers 1797 \u2013 1864<\/strong><\/p>\n<p style=\"text-align: center;\"><img decoding=\"async\" title=\"\" src=\"https:\/\/lesmaconsdelacreuse.fr\/annuaire\/wp-content\/uploads\/2019\/07\/image1-141.png\" alt=\"\" data-source-id=\"i.0\" data-asset-id=\"8875\" \/><\/p>\n<h4 style=\"text-align: center;\"><span style=\"color: #008000;\"><strong>\u25ba\u00a0<\/strong><a href=\"https:\/\/www.lesmaconsdelacreuse.fr\/annuaires\/wp-content\/uploads\/2020\/07\/MA\u00ceTRE-MA\u00c7ON.png\" target=\"_blank\" rel=\"noopener noreferrer\"><strong><span style=\"color: #008000;\">ma\u00eetre ma\u00e7on<\/span><\/strong><\/a>; <strong>entrepreneur de b\u00e2timents<\/strong><\/span><\/h4>\n<p>&nbsp;<\/p>\n<p style=\"text-align: center;\">n\u00e9 \u00e0 Aurioux (Saint-Pierre-le-Bost)<\/p>\n<p style=\"text-align: center;\">le 13 flor\u00e9al an V (2 mai 1797)<\/p>\n<p style=\"text-align: center;\">fils de<\/p>\n<p style=\"text-align: center;\">Pierre LETEIX,<span style=\"color: #008000;\"> <strong>ma\u00e7on <span style=\"color: #000000;\">\/ <\/span><\/strong><\/span>Marie MARTAUD<\/p>\n<p style=\"text-align: center;\"><span style=\"color: #ffffff;\">\u25d9<\/span><\/p>\n<p><em>L\u00e9onard \u00e9pouse Marie <\/em><strong>GUILLON l<\/strong><em>e 8 janvier <\/em><strong>1828<\/strong><em> \u00e0 Pontarion.<\/em><\/p>\n<p><em>Marie d\u00e9c\u00e8de \u00e0 Pontarion le 6 f\u00e9vrier <\/em><strong>1849<\/strong><em>, \u00e2g\u00e9e de 37 ans.<\/em><\/p>\n<p><strong>En 1864<\/strong><em>, L\u00e9onard habite <\/em><span style=\"color: #0000ff;\"><strong>Paris (75)<\/strong><\/span><em>, 6, rue du Bon Puits, 5e arrondissement.<\/em><\/p>\n<p><em>Il d\u00e9c\u00e8de \u00e0 cette adresse le 2 avril de la m\u00eame ann\u00e9e, \u00e2g\u00e9 de 66 ans.<\/em><\/p>\n<p>&nbsp;<\/p>\n","protected":false},"excerpt":{"rendered":"<p>Mis \u00e0 jour le : 29\/04\/2026L\u00e9onard LETEIX vers 1797 \u2013 1864 \u25ba\u00a0ma\u00eetre ma\u00e7on; entrepreneur de b\u00e2timents &nbsp; n\u00e9 \u00e0 Aurioux (Saint-Pierre-le-Bost) le 13 flor\u00e9al an V (2 mai 1797) fils de Pierre LETEIX, ma\u00e7on \/ Marie MARTAUD \u25d9 L\u00e9onard \u00e9pouse Marie GUILLON le 8 janvier 1828 \u00e0 Pontarion. Marie d\u00e9c\u00e8de \u00e0 Pontarion le 6 f\u00e9vrier ..<\/p>\n<div class=\"clear-fix\"><\/div>\n<p><a href=\"https:\/\/www.lesmaconsdelacreuse.fr\/annuaires\/lettre-l\/l_1749\/\" title=\"Lire la suite...\">Lire la suite<\/a><\/p>\n","protected":false},"author":6,"featured_media":0,"comment_status":"closed","ping_status":"closed","sticky":false,"template":"","format":"standard","meta":{"_acf_changed":false,"_exactmetrics_skip_tracking":false,"_exactmetrics_sitenote_active":false,"_exactmetrics_sitenote_note":"","_exactmetrics_sitenote_category":0,"footnotes":""},"categories":[19],"tags":[],"class_list":["post-8877","post","type-post","status-publish","format-standard","hentry","category-lettre-l"],"acf":[],"_links":{"self":[{"href":"https:\/\/www.lesmaconsdelacreuse.fr\/annuaires\/wp-json\/wp\/v2\/posts\/8877","targetHints":{"allow":["GET"]}}],"collection":[{"href":"https:\/\/www.lesmaconsdelacreuse.fr\/annuaires\/wp-json\/wp\/v2\/posts"}],"about":[{"href":"https:\/\/www.lesmaconsdelacreuse.fr\/annuaires\/wp-json\/wp\/v2\/types\/post"}],"author":[{"embeddable":true,"href":"https:\/\/www.lesmaconsdelacreuse.fr\/annuaires\/wp-json\/wp\/v2\/users\/6"}],"replies":[{"embeddable":true,"href":"https:\/\/www.lesmaconsdelacreuse.fr\/annuaires\/wp-json\/wp\/v2\/comments?post=8877"}],"version-history":[{"count":1,"href":"https:\/\/www.lesmaconsdelacreuse.fr\/annuaires\/wp-json\/wp\/v2\/posts\/8877\/revisions"}],"predecessor-version":[{"id":197657,"href":"https:\/\/www.lesmaconsdelacreuse.fr\/annuaires\/wp-json\/wp\/v2\/posts\/8877\/revisions\/197657"}],"wp:attachment":[{"href":"https:\/\/www.lesmaconsdelacreuse.fr\/annuaires\/wp-json\/wp\/v2\/media?parent=8877"}],"wp:term":[{"taxonomy":"category","embeddable":true,"href":"https:\/\/www.lesmaconsdelacreuse.fr\/annuaires\/wp-json\/wp\/v2\/categories?post=8877"},{"taxonomy":"post_tag","embeddable":true,"href":"https:\/\/www.lesmaconsdelacreuse.fr\/annuaires\/wp-json\/wp\/v2\/tags?post=8877"}],"curies":[{"name":"wp","href":"https:\/\/api.w.org\/{rel}","templated":true}]}}