{"id":8884,"date":"2019-07-28T13:38:12","date_gmt":"2019-07-28T11:38:12","guid":{"rendered":"http:\/\/lesmaconsdelacreuse.fr\/annuaire\/?p=8884"},"modified":"2022-04-15T10:27:07","modified_gmt":"2022-04-15T08:27:07","slug":"l_1640","status":"publish","type":"post","link":"https:\/\/www.lesmaconsdelacreuse.fr\/annuaires\/lettre-l\/l_1640\/","title":{"rendered":"LEYGNAC Sylvain (1870-1947)"},"content":{"rendered":"<p class=\"last-updated\"><strong>Mis \u00e0 jour le :<\/strong> 29\/04\/2026<\/p><h2 style=\"text-align: center;\"><strong>Sylvain LEYGNAC<\/strong><\/h2>\n<p style=\"text-align: center;\"><strong>1870 \u2013 1947<\/strong><\/p>\n<p style=\"text-align: center;\"><img decoding=\"async\" title=\"\" src=\"https:\/\/lesmaconsdelacreuse.fr\/annuaire\/wp-content\/uploads\/2019\/07\/image1-2279.jpg\" alt=\"\" data-source-id=\"i.0\" data-asset-id=\"8883\" \/><\/p>\n<h4 style=\"text-align: center;\"><span style=\"color: #008000;\"><strong>ma\u00e7on <\/strong>et <strong>cultivateur<\/strong><\/span><\/h4>\n<p>&nbsp;<\/p>\n<p style=\"text-align: center;\">n\u00e9 dans la commune de Saint-Augustin (19)<\/p>\n<p style=\"text-align: center;\">le 1er d\u00e9cembre 1870<\/p>\n<p style=\"text-align: center;\">fils de<\/p>\n<p style=\"text-align: center;\">Jean LEYGNAC \/ Anne LELACHE<\/p>\n<p style=\"text-align: center;\">\u25ba<a href=\"https:\/\/www.lesmaconsdelacreuse.fr\/annuaires\/wp-content\/uploads\/2020\/08\/COLON-COLON-PARTIAIRE.png\" target=\"_blank\" rel=\"noopener noreferrer\">colons<\/a><\/p>\n<p style=\"text-align: center;\"><span style=\"color: #ffffff;\">\u25d9<\/span><\/p>\n<p><em>Sylvain habite La Villatte, commune de Saint-Pierre-le-Bost avec ses parents lorsqu\u2019il \u00e9pouse C\u00e9lestine <\/em><strong>GEN\u00c9TINE<\/strong><em> le 26 janvier <\/em><strong>1895<\/strong><em> au Monteil-au-Vicomte (mari\u00e9s sans contrat). Ils habitent Gioux, commune de Saint-Pierre. <\/em><\/p>\n<p><em>Ils partent \u00e0 <\/em><span style=\"color: #0000ff;\"><strong>Paris (75) <\/strong><\/span><em>o\u00f9 travaille Sylvain<\/em> <em>et logent\u00a0:<\/em><\/p>\n<p><strong>\u00a0en 1895 et 1896<\/strong><em>, 26, rue des Carmes\u00a0;<\/em><\/p>\n<p><strong>en 1897<\/strong><em>, rue de La Villette\u00a0;<\/em><\/p>\n<p><strong>en 1898<\/strong><em>, 714 quai des la Tournelle.<\/em><\/p>\n<p><em>Domicili\u00e9 \u00e0 Saint-Hilaire-le-Ch\u00e2teau, Sylvain d\u00e9c\u00e8de veuf au Monteil-au-Vicomte le 2 septembre <\/em><strong>1947<\/strong><em>, \u00e2g\u00e9 de 76 ans. <\/em><\/p>\n<p>&nbsp;<\/p>\n","protected":false},"excerpt":{"rendered":"<p>Mis \u00e0 jour le : 29\/04\/2026Sylvain LEYGNAC 1870 \u2013 1947 ma\u00e7on et cultivateur &nbsp; n\u00e9 dans la commune de Saint-Augustin (19) le 1er d\u00e9cembre 1870 fils de Jean LEYGNAC \/ Anne LELACHE \u25bacolons \u25d9 Sylvain habite La Villatte, commune de Saint-Pierre-le-Bost avec ses parents lorsqu\u2019il \u00e9pouse C\u00e9lestine GEN\u00c9TINE le 26 janvier 1895 au Monteil-au-Vicomte (mari\u00e9s ..<\/p>\n<div class=\"clear-fix\"><\/div>\n<p><a href=\"https:\/\/www.lesmaconsdelacreuse.fr\/annuaires\/lettre-l\/l_1640\/\" title=\"Lire la suite...\">Lire la suite<\/a><\/p>\n","protected":false},"author":6,"featured_media":0,"comment_status":"closed","ping_status":"closed","sticky":false,"template":"","format":"standard","meta":{"_acf_changed":false,"_exactmetrics_skip_tracking":false,"_exactmetrics_sitenote_active":false,"_exactmetrics_sitenote_note":"","_exactmetrics_sitenote_category":0,"footnotes":""},"categories":[19],"tags":[],"class_list":["post-8884","post","type-post","status-publish","format-standard","hentry","category-lettre-l"],"acf":[],"_links":{"self":[{"href":"https:\/\/www.lesmaconsdelacreuse.fr\/annuaires\/wp-json\/wp\/v2\/posts\/8884","targetHints":{"allow":["GET"]}}],"collection":[{"href":"https:\/\/www.lesmaconsdelacreuse.fr\/annuaires\/wp-json\/wp\/v2\/posts"}],"about":[{"href":"https:\/\/www.lesmaconsdelacreuse.fr\/annuaires\/wp-json\/wp\/v2\/types\/post"}],"author":[{"embeddable":true,"href":"https:\/\/www.lesmaconsdelacreuse.fr\/annuaires\/wp-json\/wp\/v2\/users\/6"}],"replies":[{"embeddable":true,"href":"https:\/\/www.lesmaconsdelacreuse.fr\/annuaires\/wp-json\/wp\/v2\/comments?post=8884"}],"version-history":[{"count":2,"href":"https:\/\/www.lesmaconsdelacreuse.fr\/annuaires\/wp-json\/wp\/v2\/posts\/8884\/revisions"}],"predecessor-version":[{"id":197634,"href":"https:\/\/www.lesmaconsdelacreuse.fr\/annuaires\/wp-json\/wp\/v2\/posts\/8884\/revisions\/197634"}],"wp:attachment":[{"href":"https:\/\/www.lesmaconsdelacreuse.fr\/annuaires\/wp-json\/wp\/v2\/media?parent=8884"}],"wp:term":[{"taxonomy":"category","embeddable":true,"href":"https:\/\/www.lesmaconsdelacreuse.fr\/annuaires\/wp-json\/wp\/v2\/categories?post=8884"},{"taxonomy":"post_tag","embeddable":true,"href":"https:\/\/www.lesmaconsdelacreuse.fr\/annuaires\/wp-json\/wp\/v2\/tags?post=8884"}],"curies":[{"name":"wp","href":"https:\/\/api.w.org\/{rel}","templated":true}]}}