{"id":8885,"date":"2019-07-28T13:38:11","date_gmt":"2019-07-28T11:38:11","guid":{"rendered":"http:\/\/lesmaconsdelacreuse.fr\/annuaire\/?p=8885"},"modified":"2022-06-07T08:16:39","modified_gmt":"2022-06-07T06:16:39","slug":"l_1728","status":"publish","type":"post","link":"https:\/\/www.lesmaconsdelacreuse.fr\/annuaires\/lettre-l\/l_1728\/","title":{"rendered":"LOMBARD Jean Pierre \u00c9mile (1909-1983)"},"content":{"rendered":"<p class=\"last-updated\"><strong>Mis \u00e0 jour le :<\/strong> 29\/04\/2026<\/p><h2 style=\"text-align: center;\"><strong>Jean Pierre \u00c9mile LOMBARD<\/strong><\/h2>\n<p style=\"text-align: center;\"><strong>1909 \u2013 1983<\/strong><\/p>\n<p><a href=\"https:\/\/www.lesmaconsdelacreuse.fr\/annuaires\/wp-content\/uploads\/2019\/07\/LOMBARD-Jean-Pierre-Emile-1909.jpg\"><img loading=\"lazy\" decoding=\"async\" class=\"size-full wp-image-200042 aligncenter\" src=\"https:\/\/www.lesmaconsdelacreuse.fr\/annuaires\/wp-content\/uploads\/2019\/07\/LOMBARD-Jean-Pierre-Emile-1909.jpg\" alt=\"\" width=\"127\" height=\"46\" srcset=\"https:\/\/www.lesmaconsdelacreuse.fr\/annuaires\/wp-content\/uploads\/2019\/07\/LOMBARD-Jean-Pierre-Emile-1909.jpg 127w, https:\/\/www.lesmaconsdelacreuse.fr\/annuaires\/wp-content\/uploads\/2019\/07\/LOMBARD-Jean-Pierre-Emile-1909-16x6.jpg 16w\" sizes=\"auto, (max-width: 127px) 100vw, 127px\" \/><\/a><\/p>\n<h4 style=\"text-align: center;\"><span style=\"color: #008000;\"><strong>ma\u00e7on et pl\u00e2trier<\/strong><\/span><\/h4>\n<p style=\"text-align: center;\">n\u00e9 \u00e0 Lachaud (Gentioux)<\/p>\n<p style=\"text-align: center;\">le 18 f\u00e9vrier 1909<\/p>\n<p style=\"text-align: center;\">fils de<\/p>\n<p style=\"text-align: center;\">\u00c9mile Jean Auguste LOMBARD, <span style=\"color: #008000;\"><strong>ma\u00e7on<\/strong><\/span><\/p>\n<p style=\"text-align: center;\">Marie TAUTY<\/p>\n<p style=\"text-align: center;\">propri\u00e9taires cultivateurs<\/p>\n<p style=\"text-align: center;\"><span style=\"color: #ffffff;\">\u25d9<\/span><\/p>\n<p><em>Jean, <\/em><span style=\"color: #008000;\"><strong>ma\u00e7on<\/strong><\/span><em>, habite Roy\u00e8re avec son tuteur.<\/em><\/p>\n<p><strong>En 1929<\/strong><em>, il travaille en <\/em><span style=\"color: #0000ff;\"><strong>Seine-Saint-Denis <\/strong><\/span><em>et doit passer le conseil de r\u00e9vision \u00e0 <\/em><span style=\"color: #0000ff;\"><strong>Saint-Ouen (93)<\/strong><\/span><em>. <\/em><\/p>\n<p><span style=\"color: #008000;\"><strong>Pl\u00e2trier<\/strong><\/span><em>, il \u00e9pouse Jeanne Antoinette <\/em><strong>ROUDEIX<\/strong><em>, cuisini\u00e8re,<\/em><em> le 1er octobre <\/em><strong>1932<\/strong><em> \u00e0 <\/em><span style=\"color: #0000ff;\"><strong>Paris (75)<\/strong><\/span><em> 4e arrondissement (mari\u00e9s sans contrat).<\/em><\/p>\n<p><strong>En 1941<\/strong><em>, ils habitent 5, rue des Deux-Ponts, Paris 4e.<\/em><\/p>\n<p><em>Jean d\u00e9c\u00e8de au m\u00eame arrondissement, le 25 avril <\/em><strong>1983<\/strong><em>, \u00e2g\u00e9 de 74 ans.<\/em><\/p>\n","protected":false},"excerpt":{"rendered":"<p>Mis \u00e0 jour le : 29\/04\/2026Jean Pierre \u00c9mile LOMBARD 1909 \u2013 1983 ma\u00e7on et pl\u00e2trier n\u00e9 \u00e0 Lachaud (Gentioux) le 18 f\u00e9vrier 1909 fils de \u00c9mile Jean Auguste LOMBARD, ma\u00e7on Marie TAUTY propri\u00e9taires cultivateurs \u25d9 Jean, ma\u00e7on, habite Roy\u00e8re avec son tuteur. En 1929, il travaille en Seine-Saint-Denis et doit passer le conseil de r\u00e9vision ..<\/p>\n<div class=\"clear-fix\"><\/div>\n<p><a href=\"https:\/\/www.lesmaconsdelacreuse.fr\/annuaires\/lettre-l\/l_1728\/\" title=\"Lire la suite...\">Lire la suite<\/a><\/p>\n","protected":false},"author":6,"featured_media":0,"comment_status":"closed","ping_status":"closed","sticky":false,"template":"","format":"standard","meta":{"_acf_changed":false,"_exactmetrics_skip_tracking":false,"_exactmetrics_sitenote_active":false,"_exactmetrics_sitenote_note":"","_exactmetrics_sitenote_category":0,"footnotes":""},"categories":[19],"tags":[],"class_list":["post-8885","post","type-post","status-publish","format-standard","hentry","category-lettre-l"],"acf":[],"_links":{"self":[{"href":"https:\/\/www.lesmaconsdelacreuse.fr\/annuaires\/wp-json\/wp\/v2\/posts\/8885","targetHints":{"allow":["GET"]}}],"collection":[{"href":"https:\/\/www.lesmaconsdelacreuse.fr\/annuaires\/wp-json\/wp\/v2\/posts"}],"about":[{"href":"https:\/\/www.lesmaconsdelacreuse.fr\/annuaires\/wp-json\/wp\/v2\/types\/post"}],"author":[{"embeddable":true,"href":"https:\/\/www.lesmaconsdelacreuse.fr\/annuaires\/wp-json\/wp\/v2\/users\/6"}],"replies":[{"embeddable":true,"href":"https:\/\/www.lesmaconsdelacreuse.fr\/annuaires\/wp-json\/wp\/v2\/comments?post=8885"}],"version-history":[{"count":3,"href":"https:\/\/www.lesmaconsdelacreuse.fr\/annuaires\/wp-json\/wp\/v2\/posts\/8885\/revisions"}],"predecessor-version":[{"id":200043,"href":"https:\/\/www.lesmaconsdelacreuse.fr\/annuaires\/wp-json\/wp\/v2\/posts\/8885\/revisions\/200043"}],"wp:attachment":[{"href":"https:\/\/www.lesmaconsdelacreuse.fr\/annuaires\/wp-json\/wp\/v2\/media?parent=8885"}],"wp:term":[{"taxonomy":"category","embeddable":true,"href":"https:\/\/www.lesmaconsdelacreuse.fr\/annuaires\/wp-json\/wp\/v2\/categories?post=8885"},{"taxonomy":"post_tag","embeddable":true,"href":"https:\/\/www.lesmaconsdelacreuse.fr\/annuaires\/wp-json\/wp\/v2\/tags?post=8885"}],"curies":[{"name":"wp","href":"https:\/\/api.w.org\/{rel}","templated":true}]}}