{"id":8887,"date":"2019-07-28T13:38:11","date_gmt":"2019-07-28T11:38:11","guid":{"rendered":"http:\/\/lesmaconsdelacreuse.fr\/annuaire\/?p=8887"},"modified":"2020-01-20T11:28:18","modified_gmt":"2020-01-20T10:28:18","slug":"l_1747","status":"publish","type":"post","link":"https:\/\/www.lesmaconsdelacreuse.fr\/annuaires\/lettre-l\/l_1747\/","title":{"rendered":"LOUTEIX Jacques (1787-1859)"},"content":{"rendered":"<p class=\"last-updated\"><strong>Mis \u00e0 jour le :<\/strong> 29\/04\/2026<\/p><h2 style=\"text-align: center;\"><strong>Jacques LOUTEIX<\/strong><\/h2>\n<p style=\"text-align: center;\"><strong>Jacques LETEIX<\/strong><\/p>\n<p style=\"text-align: center;\"><strong>1787 \u2013 1859<\/strong><\/p>\n<p style=\"text-align: center;\"><img decoding=\"async\" title=\"\" src=\"https:\/\/lesmaconsdelacreuse.fr\/annuaire\/wp-content\/uploads\/2019\/07\/image1-2280.jpg\" alt=\"\" data-source-id=\"i.0\" data-asset-id=\"8886\" \/><\/p>\n<h4 style=\"text-align: center;\"><span style=\"color: #008000;\"><strong>ma\u00e7on<\/strong><\/span><\/h4>\n<p style=\"text-align: center;\">\u25ba<a target=\"_blank\"href=\"https:\/\/www.lesmaconsdelacreuse.fr\/annuaires\/\/wp-content\/uploads\/DOCUMENTS\/1787_-_Bapteme_de_Jacques_LOUTEIX.pdf\">n\u00e9 \u00e0 l\u2019H\u00f4tel-Dieu de Lyon<\/a><\/p>\n<p style=\"text-align: center;\">le 11 septembre 1787<\/p>\n<p style=\"text-align: center;\">fils de<\/p>\n<p style=\"text-align: center;\">Jacques LOUTEIX, <span style=\"color: #008000;\"><strong>ma\u00e7on <\/strong><\/span><strong>\/ <\/strong>Claudine NO\u00cbL<\/p>\n<p style=\"text-align: center;\"><span style=\"color: #ffffff;\">\u25d9<\/span><\/p>\n<p><em>Jacques \u00e9pouse Marguerite <\/em><strong>PLANCHAT <\/strong><em>le 13 janvier <\/em><strong>1814<\/strong><em> \u00e0 Saint-Pierre-le-Bost (contrat Lepetit au Monteil-au-Vicomte). Le couple habite Le Chiroux, commune de Saint-Pierre. <\/em><\/p>\n<p><strong>En 1821<\/strong><em>, Jacques travaille \u00e0 <\/em><strong><span style=\"color: #0000ff;\">Lyon (69)<\/span>\u00a0<\/strong><em>;<\/em><\/p>\n<p><strong>en 1824<\/strong><em>, \u00e0 <\/em><span style=\"color: #0000ff;\"><strong>Saint-Genis-Laval (69)<\/strong><\/span><em>.<\/em><\/p>\n<p><em>Marguerite d\u00e9c\u00e8de au Chiroux le 30 ao\u00fbt <\/em><strong>1825<\/strong><em>, \u00e2g\u00e9e de 29 ans.<\/em><\/p>\n<p><em> Jacques se remarie le 26 janvier <\/em><strong>1829<\/strong>,<em> \u00e0 Saint-Yriex-la-Montagne, avec Madeleine <\/em><strong>PAROT<\/strong><em>. Le nouveau couple habite La Parade. <\/em><\/p>\n<p><em>Madeleine y d\u00e9c\u00e8de le 13 avril <\/em><strong>1843<\/strong>,<em> \u00e2g\u00e9e de 45 ans.<\/em><\/p>\n<p><em> Jacques se marie encore une fois, le 17 septembre de la m\u00eame ann\u00e9e, \u00e0 Saint-Pierre, avec Madeleine <\/em><strong>MEAUME<\/strong><em> (contrat Lepetit au Monteil).<\/em><\/p>\n<p><em> Ils d\u00e9c\u00e8dent \u00e0 La Parade\u00a0:<\/em><\/p>\n<ul>\n<li><em>Jacques, le 28 juillet <\/em><strong>1859<\/strong><em>, \u00e2g\u00e9 de 71 ans<\/em><\/li>\n<li><em>Madeleine, le 26 mai <\/em><strong>1888<\/strong><em>, \u00e2g\u00e9e de 78 ans<\/em><\/li>\n<\/ul>\n","protected":false},"excerpt":{"rendered":"<p>Mis \u00e0 jour le : 29\/04\/2026Jacques LOUTEIX Jacques LETEIX 1787 \u2013 1859 ma\u00e7on \u25ban\u00e9 \u00e0 l\u2019H\u00f4tel-Dieu de Lyon le 11 septembre 1787 fils de Jacques LOUTEIX, ma\u00e7on \/ Claudine NO\u00cbL \u25d9 Jacques \u00e9pouse Marguerite PLANCHAT le 13 janvier 1814 \u00e0 Saint-Pierre-le-Bost (contrat Lepetit au Monteil-au-Vicomte). Le couple habite Le Chiroux, commune de Saint-Pierre. En 1821, ..<\/p>\n<div class=\"clear-fix\"><\/div>\n<p><a href=\"https:\/\/www.lesmaconsdelacreuse.fr\/annuaires\/lettre-l\/l_1747\/\" title=\"Lire la suite...\">Lire la suite<\/a><\/p>\n","protected":false},"author":6,"featured_media":0,"comment_status":"closed","ping_status":"closed","sticky":false,"template":"","format":"standard","meta":{"_acf_changed":false,"_exactmetrics_skip_tracking":false,"_exactmetrics_sitenote_active":false,"_exactmetrics_sitenote_note":"","_exactmetrics_sitenote_category":0,"footnotes":""},"categories":[19],"tags":[],"class_list":["post-8887","post","type-post","status-publish","format-standard","hentry","category-lettre-l"],"acf":[],"_links":{"self":[{"href":"https:\/\/www.lesmaconsdelacreuse.fr\/annuaires\/wp-json\/wp\/v2\/posts\/8887","targetHints":{"allow":["GET"]}}],"collection":[{"href":"https:\/\/www.lesmaconsdelacreuse.fr\/annuaires\/wp-json\/wp\/v2\/posts"}],"about":[{"href":"https:\/\/www.lesmaconsdelacreuse.fr\/annuaires\/wp-json\/wp\/v2\/types\/post"}],"author":[{"embeddable":true,"href":"https:\/\/www.lesmaconsdelacreuse.fr\/annuaires\/wp-json\/wp\/v2\/users\/6"}],"replies":[{"embeddable":true,"href":"https:\/\/www.lesmaconsdelacreuse.fr\/annuaires\/wp-json\/wp\/v2\/comments?post=8887"}],"version-history":[{"count":0,"href":"https:\/\/www.lesmaconsdelacreuse.fr\/annuaires\/wp-json\/wp\/v2\/posts\/8887\/revisions"}],"wp:attachment":[{"href":"https:\/\/www.lesmaconsdelacreuse.fr\/annuaires\/wp-json\/wp\/v2\/media?parent=8887"}],"wp:term":[{"taxonomy":"category","embeddable":true,"href":"https:\/\/www.lesmaconsdelacreuse.fr\/annuaires\/wp-json\/wp\/v2\/categories?post=8887"},{"taxonomy":"post_tag","embeddable":true,"href":"https:\/\/www.lesmaconsdelacreuse.fr\/annuaires\/wp-json\/wp\/v2\/tags?post=8887"}],"curies":[{"name":"wp","href":"https:\/\/api.w.org\/{rel}","templated":true}]}}