{"id":8900,"date":"2019-07-28T13:38:10","date_gmt":"2019-07-28T11:38:10","guid":{"rendered":"http:\/\/lesmaconsdelacreuse.fr\/annuaire\/?p=8900"},"modified":"2020-09-30T14:36:43","modified_gmt":"2020-09-30T12:36:43","slug":"l_1672","status":"publish","type":"post","link":"https:\/\/www.lesmaconsdelacreuse.fr\/annuaires\/lettre-l\/l_1672\/","title":{"rendered":"LHERITIER Pierre (1860-1921)"},"content":{"rendered":"<p class=\"last-updated\"><strong>Mis \u00e0 jour le :<\/strong> 29\/04\/2026<\/p><h2 style=\"text-align: center;\"><strong>Pierre LH\u00c9RITIER<\/strong><\/h2>\n<p style=\"text-align: center;\"><strong>1860 \u2013 1921<\/strong><\/p>\n<p style=\"text-align: center;\"><img loading=\"lazy\" decoding=\"async\" class=\"\" title=\"\" src=\"https:\/\/lesmaconsdelacreuse.fr\/annuaire\/wp-content\/uploads\/2019\/07\/image1-2284.jpg\" alt=\"\" width=\"264\" height=\"76\" data-source-id=\"i.0\" data-asset-id=\"8897\" \/><\/p>\n<p>&nbsp;<\/p>\n<h4 style=\"text-align: center;\"><span style=\"color: #008000;\"><strong>ma\u00e7on <\/strong>puis<strong> employ\u00e9 aux Pompes Fun\u00e8bres<\/strong><\/span><\/h4>\n<p>&nbsp;<\/p>\n<p style=\"text-align: center;\">n\u00e9 \u00e0 Boussac (Saint-Martin-Ch\u00e2teau)<\/p>\n<p style=\"text-align: center;\">le 19 janvier 1860<\/p>\n<p style=\"text-align: center;\">fils de<\/p>\n<p style=\"text-align: center;\">Jean Martial LH\u00c9RITIER, <span style=\"color: #008000;\"><strong>tailleur de pierre<\/strong><\/span> et <span style=\"color: #008000;\"><strong>ma\u00e7on<\/strong><\/span><\/p>\n<p style=\"text-align: center;\">Th\u00e9r\u00e8se LEGRAND, cultivatrice<\/p>\n<p style=\"text-align: center;\"><span style=\"color: #ffffff;\">\u25d9<\/span><\/p>\n<p><strong>En 1877<\/strong><em>, Pierre, <\/em><span style=\"color: #008000;\"><strong>ma\u00e7on<\/strong><\/span><em>, travaille \u00e0 <\/em><span style=\"color: #0000ff;\"><strong>Lyon (69)<\/strong><\/span><em> et loge 68, rue Montesquieu, 7e arrondissement.<\/em><\/p>\n<p><em>La m\u00eame ann\u00e9e, il fait une demande de \u25ba<a href=\"https:\/\/www.lesmaconsdelacreuse.fr\/annuaires\/wp-content\/uploads\/2019\/08\/LIVRET-OUVRIER.png\" target=\"_blank\" rel=\"noopener noreferrer\">livret d&rsquo;ouvrier<\/a> et il est incarc\u00e9r\u00e9 pendant quinze jours pour vol \u00e0 la \u25ba<a href=\"https:\/\/www.lesmaconsdelacreuse.fr\/annuaires\/wp-content\/uploads\/2020\/08\/PRISON-SAINT-PAUL.png\" target=\"_blank\" rel=\"noopener noreferrer\">prison Saint-Paul<\/a><strong>. <\/strong><\/em><\/p>\n<p><strong>En 1892<\/strong><em>, il loge 67, Place Voltaire<\/em><\/p>\n<p><em>Il \u00e9pouse le 19 novembre de la m\u00eame ann\u00e9e \u00e0 Lyon 3e Louise A\u00efma Jos\u00e9phine <\/em><strong>JOBEZ<\/strong><em>, <strong>\u25ba<\/strong><a href=\"https:\/\/www.lesmaconsdelacreuse.fr\/annuaires\/wp-content\/uploads\/2019\/08\/GILETI\u00c8RE.png\" target=\"_blank\" rel=\"noopener noreferrer\">gileti\u00e8re<\/a>, native du Jura (mari\u00e9s sans contrat). <\/em><\/p>\n<p><strong>En 1903<\/strong><em>, le couple habite 222, rue Duguesclin\u00a0;<\/em><\/p>\n<p><strong>en 1921<\/strong><em>, 15, rue Fran\u00e7ois Garcin, Lyon 3e, et Pierre est <\/em><span style=\"color: #008000;\"><strong>employ\u00e9 aux pompes fun\u00e8bres<\/strong><em>.<\/em><\/span><\/p>\n<p><em>Il d\u00e9c\u00e8de \u00e0 cette adresse le 19 ao\u00fbt de la m\u00eame ann\u00e9e, \u00e2g\u00e9 de 61 ans.<\/em><\/p>\n<p>&nbsp;<\/p>\n<p><strong>\u00a0<\/strong><\/p>\n<p style=\"text-align: center;\"><span style=\"color: #ffffff;\">\u25d9<\/span><\/p>\n<p>&nbsp;<\/p>\n","protected":false},"excerpt":{"rendered":"<p>Mis \u00e0 jour le : 29\/04\/2026Pierre LH\u00c9RITIER 1860 \u2013 1921 &nbsp; ma\u00e7on puis employ\u00e9 aux Pompes Fun\u00e8bres &nbsp; n\u00e9 \u00e0 Boussac (Saint-Martin-Ch\u00e2teau) le 19 janvier 1860 fils de Jean Martial LH\u00c9RITIER, tailleur de pierre et ma\u00e7on Th\u00e9r\u00e8se LEGRAND, cultivatrice \u25d9 En 1877, Pierre, ma\u00e7on, travaille \u00e0 Lyon (69) et loge 68, rue Montesquieu, 7e arrondissement. ..<\/p>\n<div class=\"clear-fix\"><\/div>\n<p><a href=\"https:\/\/www.lesmaconsdelacreuse.fr\/annuaires\/lettre-l\/l_1672\/\" title=\"Lire la suite...\">Lire la suite<\/a><\/p>\n","protected":false},"author":6,"featured_media":0,"comment_status":"closed","ping_status":"closed","sticky":false,"template":"","format":"standard","meta":{"_acf_changed":false,"_exactmetrics_skip_tracking":false,"_exactmetrics_sitenote_active":false,"_exactmetrics_sitenote_note":"","_exactmetrics_sitenote_category":0,"footnotes":""},"categories":[19],"tags":[],"class_list":["post-8900","post","type-post","status-publish","format-standard","hentry","category-lettre-l"],"acf":[],"_links":{"self":[{"href":"https:\/\/www.lesmaconsdelacreuse.fr\/annuaires\/wp-json\/wp\/v2\/posts\/8900","targetHints":{"allow":["GET"]}}],"collection":[{"href":"https:\/\/www.lesmaconsdelacreuse.fr\/annuaires\/wp-json\/wp\/v2\/posts"}],"about":[{"href":"https:\/\/www.lesmaconsdelacreuse.fr\/annuaires\/wp-json\/wp\/v2\/types\/post"}],"author":[{"embeddable":true,"href":"https:\/\/www.lesmaconsdelacreuse.fr\/annuaires\/wp-json\/wp\/v2\/users\/6"}],"replies":[{"embeddable":true,"href":"https:\/\/www.lesmaconsdelacreuse.fr\/annuaires\/wp-json\/wp\/v2\/comments?post=8900"}],"version-history":[{"count":0,"href":"https:\/\/www.lesmaconsdelacreuse.fr\/annuaires\/wp-json\/wp\/v2\/posts\/8900\/revisions"}],"wp:attachment":[{"href":"https:\/\/www.lesmaconsdelacreuse.fr\/annuaires\/wp-json\/wp\/v2\/media?parent=8900"}],"wp:term":[{"taxonomy":"category","embeddable":true,"href":"https:\/\/www.lesmaconsdelacreuse.fr\/annuaires\/wp-json\/wp\/v2\/categories?post=8900"},{"taxonomy":"post_tag","embeddable":true,"href":"https:\/\/www.lesmaconsdelacreuse.fr\/annuaires\/wp-json\/wp\/v2\/tags?post=8900"}],"curies":[{"name":"wp","href":"https:\/\/api.w.org\/{rel}","templated":true}]}}