{"id":8903,"date":"2019-07-28T13:38:09","date_gmt":"2019-07-28T11:38:09","guid":{"rendered":"http:\/\/lesmaconsdelacreuse.fr\/annuaire\/?p=8903"},"modified":"2020-01-20T11:28:19","modified_gmt":"2020-01-20T10:28:19","slug":"l_1745","status":"publish","type":"post","link":"https:\/\/www.lesmaconsdelacreuse.fr\/annuaires\/lettre-l\/l_1745\/","title":{"rendered":"LOUTEIX Jacques (1737-1803)"},"content":{"rendered":"<p class=\"last-updated\"><strong>Mis \u00e0 jour le :<\/strong> 29\/04\/2026<\/p><h2 style=\"text-align: center;\"><strong>Jacques LOUTEIX<\/strong><\/h2>\n<p style=\"text-align: center;\"><strong>1737 &#8211; 1803<\/strong><\/p>\n<h4 style=\"text-align: center;\"><span style=\"color: #008000;\"><strong>ma\u00e7on<\/strong><\/span><\/h4>\n<p style=\"text-align: center;\">n\u00e9 \u00e0 La Parade (Le Compeix)<\/p>\n<p style=\"text-align: center;\">baptis\u00e9 le 2 novembre 1737<\/p>\n<p style=\"text-align: center;\">fils de<\/p>\n<p style=\"text-align: center;\">L\u00e9onard LOUTEIX \/ Jeanne PATISSON<\/p>\n<p style=\"text-align: center;\">laboureurs<\/p>\n<p style=\"text-align: center;\"><span style=\"color: #ffffff;\">\u25d9<\/span><\/p>\n<p><em>Jacques \u00e9pouse Claudine <\/em><strong>NO\u00cbL<\/strong><em>. <\/em><\/p>\n<p><strong>\u25ba<a target=\"_blank\"href=\"https:\/\/www.lesmaconsdelacreuse.fr\/annuaires\/\/wp-content\/uploads\/DOCUMENTS\/1787_-_Bapteme_de_Jacques_LOUTEIX.pdf\"><span style=\"color: #ff00ff;\">En 1787<\/span><\/a> <\/strong><em>et<\/em><span style=\"color: #ff00ff;\"><strong> 1791<\/strong><\/span><em>, ils sont \u00e0 <\/em><span style=\"color: #0000ff;\"><strong>Lyon (69)<\/strong><\/span><em> et habitent la paroisse Saint-Nizier.<\/em><\/p>\n<p><em> Ils d\u00e9c\u00e8dent \u00e0 La Parade, tous deux \u00e2g\u00e9s de 65 ans\u00a0:<\/em><\/p>\n<ul>\n<li><em>Jacques, le 13 vent\u00f4se an XI (4 mars <\/em><strong>1803<\/strong><em>)<\/em><\/li>\n<li><em>Claudine, mendiante, le 20 niv\u00f4se an XII (11 janvier <\/em><strong>1804<\/strong><em>)<\/em><\/li>\n<\/ul>\n<p><em>Leur fils Jean n\u00e9 \u00e0 Lyon vers 1791 d\u00e9c\u00e8dera mendiant \u00e0 La Parade en 1805, \u00e2g\u00e9 de 14 ans environ.<\/em><\/p>\n","protected":false},"excerpt":{"rendered":"<p>Mis \u00e0 jour le : 29\/04\/2026Jacques LOUTEIX 1737 &#8211; 1803 ma\u00e7on n\u00e9 \u00e0 La Parade (Le Compeix) baptis\u00e9 le 2 novembre 1737 fils de L\u00e9onard LOUTEIX \/ Jeanne PATISSON laboureurs \u25d9 Jacques \u00e9pouse Claudine NO\u00cbL. \u25baEn 1787 et 1791, ils sont \u00e0 Lyon (69) et habitent la paroisse Saint-Nizier. Ils d\u00e9c\u00e8dent \u00e0 La Parade, tous ..<\/p>\n<div class=\"clear-fix\"><\/div>\n<p><a href=\"https:\/\/www.lesmaconsdelacreuse.fr\/annuaires\/lettre-l\/l_1745\/\" title=\"Lire la suite...\">Lire la suite<\/a><\/p>\n","protected":false},"author":6,"featured_media":0,"comment_status":"closed","ping_status":"closed","sticky":false,"template":"","format":"standard","meta":{"_acf_changed":false,"_exactmetrics_skip_tracking":false,"_exactmetrics_sitenote_active":false,"_exactmetrics_sitenote_note":"","_exactmetrics_sitenote_category":0,"footnotes":""},"categories":[19],"tags":[],"class_list":["post-8903","post","type-post","status-publish","format-standard","hentry","category-lettre-l"],"acf":[],"_links":{"self":[{"href":"https:\/\/www.lesmaconsdelacreuse.fr\/annuaires\/wp-json\/wp\/v2\/posts\/8903","targetHints":{"allow":["GET"]}}],"collection":[{"href":"https:\/\/www.lesmaconsdelacreuse.fr\/annuaires\/wp-json\/wp\/v2\/posts"}],"about":[{"href":"https:\/\/www.lesmaconsdelacreuse.fr\/annuaires\/wp-json\/wp\/v2\/types\/post"}],"author":[{"embeddable":true,"href":"https:\/\/www.lesmaconsdelacreuse.fr\/annuaires\/wp-json\/wp\/v2\/users\/6"}],"replies":[{"embeddable":true,"href":"https:\/\/www.lesmaconsdelacreuse.fr\/annuaires\/wp-json\/wp\/v2\/comments?post=8903"}],"version-history":[{"count":0,"href":"https:\/\/www.lesmaconsdelacreuse.fr\/annuaires\/wp-json\/wp\/v2\/posts\/8903\/revisions"}],"wp:attachment":[{"href":"https:\/\/www.lesmaconsdelacreuse.fr\/annuaires\/wp-json\/wp\/v2\/media?parent=8903"}],"wp:term":[{"taxonomy":"category","embeddable":true,"href":"https:\/\/www.lesmaconsdelacreuse.fr\/annuaires\/wp-json\/wp\/v2\/categories?post=8903"},{"taxonomy":"post_tag","embeddable":true,"href":"https:\/\/www.lesmaconsdelacreuse.fr\/annuaires\/wp-json\/wp\/v2\/tags?post=8903"}],"curies":[{"name":"wp","href":"https:\/\/api.w.org\/{rel}","templated":true}]}}