{"id":8906,"date":"2019-07-28T13:38:08","date_gmt":"2019-07-28T11:38:08","guid":{"rendered":"http:\/\/lesmaconsdelacreuse.fr\/annuaire\/?p=8906"},"modified":"2020-08-23T11:52:13","modified_gmt":"2020-08-23T09:52:13","slug":"l_1655","status":"publish","type":"post","link":"https:\/\/www.lesmaconsdelacreuse.fr\/annuaires\/lettre-l\/l_1655\/","title":{"rendered":"LERAUD L\u00e9onard (1849-1926)"},"content":{"rendered":"<p class=\"last-updated\"><strong>Mis \u00e0 jour le :<\/strong> 29\/04\/2026<\/p><h2 style=\"text-align: center;\"><strong>L\u00e9onard L\u00c9RAUD<\/strong><\/h2>\n<p style=\"text-align: center;\"><strong>L\u00e9onard LEYRAUD<\/strong><\/p>\n<p style=\"text-align: center;\"><strong>1849 &#8211; 1926<\/strong><\/p>\n<p style=\"text-align: center;\"><img decoding=\"async\" title=\"\" src=\"https:\/\/lesmaconsdelacreuse.fr\/annuaire\/wp-content\/uploads\/2019\/07\/image1-2287.jpg\" alt=\"\" data-source-id=\"i.0\" data-asset-id=\"8904\" \/><\/p>\n<h4 style=\"text-align: center;\"><span style=\"color: #008000;\"><strong>ma\u00e7on <\/strong>et <strong>meunier<\/strong>; <strong>propri\u00e9taire cultivateur<\/strong><\/span><\/h4>\n<p style=\"text-align: center;\">n\u00e9 \u00e0 Vigon (Saint-Junien-la-Breg\u00e8re)<\/p>\n<p style=\"text-align: center;\">le 7 mai 1849<\/p>\n<p style=\"text-align: center;\">fils de<\/p>\n<p style=\"text-align: center;\">L\u00e9onard L\u00c9RAUD \/ Anne LEGAY<\/p>\n<p style=\"text-align: center;\">meuniers et cultivateurs<\/p>\n<p style=\"text-align: center;\"><span style=\"color: #ffffff;\">\u25d9<\/span><\/p>\n<p><strong>En 1870<\/strong><em>, L\u00e9onard est exempt\u00e9 de service militaire pour pieds plats et d\u00e9vi\u00e9s.<\/em><\/p>\n<p><em>Il \u00e9pouse Madeleine <\/em><strong>REDONDEAU<\/strong><em>, servante, le 22 janvier <\/em>1874<em> \u00e0 Saint-Martin-Ch\u00e2teau (contrat Robin \u00e0 Bourganeuf).<\/em><\/p>\n<p>\u25ba<span style=\"color: #000000;\"><strong><a target=\"_blank\"style=\"color: #000000;\" href=\"https:\/\/www.lesmaconsdelacreuse.fr\/annuaires\/\/wp-content\/uploads\/DOCUMENTS\/1887_-_Leonard_LEYRAUD_a_Lyon.pdf\">En 1887<\/a> et 1888<\/strong><\/span><em>, le couple habite <\/em><span style=\"color: #0000ff;\"><strong>Lyon (69)<\/strong><\/span><em>, 56, Grande Rue Saint Clair\u00a0;<\/em><\/p>\n<p><strong>en 1897<\/strong><em>, au num\u00e9ro 63. <\/em><\/p>\n<p><em>L\u00e9onard d\u00e9c\u00e8de au Picq, commune de Roy\u00e8re, o\u00f9 il r\u00e9side au moins depuis 1906, le 4 juillet <\/em><strong>1926<\/strong>,<em> \u00e2g\u00e9 de 77 ans. Il est \u25ba<a target=\"_blank\"href=\"https:\/\/www.lesmaconsdelacreuse.fr\/annuaires\/\/wp-content\/uploads\/PHOTOS_-_CARTES_POSTALES\/TOMBEAU_LEYRAUD-REDONDEAU.gif\">inhum\u00e9<\/a><\/em> <em>au cimeti\u00e8re de Roy\u00e8re.<\/em><\/p>\n","protected":false},"excerpt":{"rendered":"<p>Mis \u00e0 jour le : 29\/04\/2026L\u00e9onard L\u00c9RAUD L\u00e9onard LEYRAUD 1849 &#8211; 1926 ma\u00e7on et meunier; propri\u00e9taire cultivateur n\u00e9 \u00e0 Vigon (Saint-Junien-la-Breg\u00e8re) le 7 mai 1849 fils de L\u00e9onard L\u00c9RAUD \/ Anne LEGAY meuniers et cultivateurs \u25d9 En 1870, L\u00e9onard est exempt\u00e9 de service militaire pour pieds plats et d\u00e9vi\u00e9s. Il \u00e9pouse Madeleine REDONDEAU, servante, le ..<\/p>\n<div class=\"clear-fix\"><\/div>\n<p><a href=\"https:\/\/www.lesmaconsdelacreuse.fr\/annuaires\/lettre-l\/l_1655\/\" title=\"Lire la suite...\">Lire la suite<\/a><\/p>\n","protected":false},"author":6,"featured_media":0,"comment_status":"closed","ping_status":"closed","sticky":false,"template":"","format":"standard","meta":{"_acf_changed":false,"_exactmetrics_skip_tracking":false,"_exactmetrics_sitenote_active":false,"_exactmetrics_sitenote_note":"","_exactmetrics_sitenote_category":0,"footnotes":""},"categories":[19],"tags":[],"class_list":["post-8906","post","type-post","status-publish","format-standard","hentry","category-lettre-l"],"acf":[],"_links":{"self":[{"href":"https:\/\/www.lesmaconsdelacreuse.fr\/annuaires\/wp-json\/wp\/v2\/posts\/8906","targetHints":{"allow":["GET"]}}],"collection":[{"href":"https:\/\/www.lesmaconsdelacreuse.fr\/annuaires\/wp-json\/wp\/v2\/posts"}],"about":[{"href":"https:\/\/www.lesmaconsdelacreuse.fr\/annuaires\/wp-json\/wp\/v2\/types\/post"}],"author":[{"embeddable":true,"href":"https:\/\/www.lesmaconsdelacreuse.fr\/annuaires\/wp-json\/wp\/v2\/users\/6"}],"replies":[{"embeddable":true,"href":"https:\/\/www.lesmaconsdelacreuse.fr\/annuaires\/wp-json\/wp\/v2\/comments?post=8906"}],"version-history":[{"count":0,"href":"https:\/\/www.lesmaconsdelacreuse.fr\/annuaires\/wp-json\/wp\/v2\/posts\/8906\/revisions"}],"wp:attachment":[{"href":"https:\/\/www.lesmaconsdelacreuse.fr\/annuaires\/wp-json\/wp\/v2\/media?parent=8906"}],"wp:term":[{"taxonomy":"category","embeddable":true,"href":"https:\/\/www.lesmaconsdelacreuse.fr\/annuaires\/wp-json\/wp\/v2\/categories?post=8906"},{"taxonomy":"post_tag","embeddable":true,"href":"https:\/\/www.lesmaconsdelacreuse.fr\/annuaires\/wp-json\/wp\/v2\/tags?post=8906"}],"curies":[{"name":"wp","href":"https:\/\/api.w.org\/{rel}","templated":true}]}}