{"id":8910,"date":"2019-07-28T13:38:07","date_gmt":"2019-07-28T11:38:07","guid":{"rendered":"http:\/\/lesmaconsdelacreuse.fr\/annuaire\/?p=8910"},"modified":"2022-05-20T17:06:11","modified_gmt":"2022-05-20T15:06:11","slug":"l_1708","status":"publish","type":"post","link":"https:\/\/www.lesmaconsdelacreuse.fr\/annuaires\/lettre-l\/l_1708\/","title":{"rendered":"LINTIGNAT Jean (1894-1874)"},"content":{"rendered":"<p class=\"last-updated\"><strong>Mis \u00e0 jour le :<\/strong> 29\/04\/2026<\/p><h2 style=\"text-align: center;\"><strong>Jean LINTIGNAT<\/strong><\/h2>\n<p style=\"text-align: center;\"><strong>1894 \u2013 1974<\/strong><\/p>\n<h4 style=\"text-align: center;\"><span style=\"color: #008000;\"><strong>ma\u00e7on <\/strong>puis<strong> employ\u00e9 d\u2019octroi<\/strong><\/span><\/h4>\n<p style=\"text-align: center;\">n\u00e9 \u00e0 Fontalabelle (Saint-Junien-la-Breg\u00e8re)<\/p>\n<p style=\"text-align: center;\">le 4 mai 1894<\/p>\n<p style=\"text-align: center;\">fils de<\/p>\n<p style=\"text-align: center;\">L\u00e9onard LINTIGNAT \/ L\u00e9onie Marie-Th\u00e9r\u00e8se BESSE<\/p>\n<p style=\"text-align: center;\">cultivateurs<\/p>\n<p style=\"text-align: center;\"><span style=\"color: #ffffff;\">\u25d9<\/span><\/p>\n<p><strong>En 1915<\/strong><em>, Jean, <\/em><span style=\"color: #008000;\"><strong>ma\u00e7on<\/strong><\/span><em>, passe le conseil de r\u00e9vision \u00e0 <\/em><span style=\"color: #0000ff;\"><strong>Lyon (69)<\/strong><\/span><em>. Il habite 9, rue du Mail.<\/em><\/p>\n<p><strong>En 1933<\/strong><em>, il est <\/em><span style=\"color: #008000;\"><strong>employ\u00e9 d\u2019octroi<\/strong><\/span><em> \u00e0 <\/em><span style=\"color: #0000ff;\"><strong>Viroflay (78)<\/strong><\/span><em> et habite 10 bis, rue Jules Claretie.<\/em><\/p>\n<p><em>Il d\u00e9c\u00e8de \u00e0 <\/em><span style=\"color: #0000ff;\"><strong>Versailles (78)<\/strong><\/span><em> le 27 septembre<\/em> <strong>1974<\/strong><em>, \u00e2g\u00e9 de 80 ans.<\/em><\/p>\n","protected":false},"excerpt":{"rendered":"<p>Mis \u00e0 jour le : 29\/04\/2026Jean LINTIGNAT 1894 \u2013 1974 ma\u00e7on puis employ\u00e9 d\u2019octroi n\u00e9 \u00e0 Fontalabelle (Saint-Junien-la-Breg\u00e8re) le 4 mai 1894 fils de L\u00e9onard LINTIGNAT \/ L\u00e9onie Marie-Th\u00e9r\u00e8se BESSE cultivateurs \u25d9 En 1915, Jean, ma\u00e7on, passe le conseil de r\u00e9vision \u00e0 Lyon (69). Il habite 9, rue du Mail. En 1933, il est employ\u00e9 ..<\/p>\n<div class=\"clear-fix\"><\/div>\n<p><a href=\"https:\/\/www.lesmaconsdelacreuse.fr\/annuaires\/lettre-l\/l_1708\/\" title=\"Lire la suite...\">Lire la suite<\/a><\/p>\n","protected":false},"author":6,"featured_media":0,"comment_status":"closed","ping_status":"closed","sticky":false,"template":"","format":"standard","meta":{"_acf_changed":false,"_exactmetrics_skip_tracking":false,"_exactmetrics_sitenote_active":false,"_exactmetrics_sitenote_note":"","_exactmetrics_sitenote_category":0,"footnotes":""},"categories":[19],"tags":[],"class_list":["post-8910","post","type-post","status-publish","format-standard","hentry","category-lettre-l"],"acf":[],"_links":{"self":[{"href":"https:\/\/www.lesmaconsdelacreuse.fr\/annuaires\/wp-json\/wp\/v2\/posts\/8910","targetHints":{"allow":["GET"]}}],"collection":[{"href":"https:\/\/www.lesmaconsdelacreuse.fr\/annuaires\/wp-json\/wp\/v2\/posts"}],"about":[{"href":"https:\/\/www.lesmaconsdelacreuse.fr\/annuaires\/wp-json\/wp\/v2\/types\/post"}],"author":[{"embeddable":true,"href":"https:\/\/www.lesmaconsdelacreuse.fr\/annuaires\/wp-json\/wp\/v2\/users\/6"}],"replies":[{"embeddable":true,"href":"https:\/\/www.lesmaconsdelacreuse.fr\/annuaires\/wp-json\/wp\/v2\/comments?post=8910"}],"version-history":[{"count":2,"href":"https:\/\/www.lesmaconsdelacreuse.fr\/annuaires\/wp-json\/wp\/v2\/posts\/8910\/revisions"}],"predecessor-version":[{"id":199313,"href":"https:\/\/www.lesmaconsdelacreuse.fr\/annuaires\/wp-json\/wp\/v2\/posts\/8910\/revisions\/199313"}],"wp:attachment":[{"href":"https:\/\/www.lesmaconsdelacreuse.fr\/annuaires\/wp-json\/wp\/v2\/media?parent=8910"}],"wp:term":[{"taxonomy":"category","embeddable":true,"href":"https:\/\/www.lesmaconsdelacreuse.fr\/annuaires\/wp-json\/wp\/v2\/categories?post=8910"},{"taxonomy":"post_tag","embeddable":true,"href":"https:\/\/www.lesmaconsdelacreuse.fr\/annuaires\/wp-json\/wp\/v2\/tags?post=8910"}],"curies":[{"name":"wp","href":"https:\/\/api.w.org\/{rel}","templated":true}]}}