{"id":8911,"date":"2019-07-28T13:38:08","date_gmt":"2019-07-28T11:38:08","guid":{"rendered":"http:\/\/lesmaconsdelacreuse.fr\/annuaire\/?p=8911"},"modified":"2022-06-07T08:12:11","modified_gmt":"2022-06-07T06:12:11","slug":"l_1646","status":"publish","type":"post","link":"https:\/\/www.lesmaconsdelacreuse.fr\/annuaires\/lettre-l\/l_1646\/","title":{"rendered":"LEYLAVERGNE Jean-Baptiste (1893-apr\u00e8s 1940)"},"content":{"rendered":"<p class=\"last-updated\"><strong>Mis \u00e0 jour le :<\/strong> 29\/04\/2026<\/p><h2 style=\"text-align: center;\"><strong>Jean-Baptiste LEYLAVERGNE<\/strong><\/h2>\n<p style=\"text-align: center;\"><strong>1893 \u2013 apr\u00e8s 1940<\/strong><\/p>\n<p><a href=\"https:\/\/www.lesmaconsdelacreuse.fr\/annuaires\/wp-content\/uploads\/2019\/07\/LEYLAVERGNE-Jean-Baptiste-1893.jpg\"><img loading=\"lazy\" decoding=\"async\" class=\"size-full wp-image-200034 aligncenter\" src=\"https:\/\/www.lesmaconsdelacreuse.fr\/annuaires\/wp-content\/uploads\/2019\/07\/LEYLAVERGNE-Jean-Baptiste-1893.jpg\" alt=\"\" width=\"115\" height=\"45\" srcset=\"https:\/\/www.lesmaconsdelacreuse.fr\/annuaires\/wp-content\/uploads\/2019\/07\/LEYLAVERGNE-Jean-Baptiste-1893.jpg 115w, https:\/\/www.lesmaconsdelacreuse.fr\/annuaires\/wp-content\/uploads\/2019\/07\/LEYLAVERGNE-Jean-Baptiste-1893-16x6.jpg 16w\" sizes=\"auto, (max-width: 115px) 100vw, 115px\" \/><\/a><\/p>\n<h4 style=\"text-align: center;\"><span style=\"color: #008000;\"><strong>ma\u00e7on<\/strong>,<strong> employ\u00e9 de commerce <\/strong>; <strong>imprimeur<\/strong>,<strong> man\u0153uvre<\/strong><\/span><\/h4>\n<p style=\"text-align: center;\">n\u00e9 \u00e0 Beauvais (Saint-Amand-Jartoudeix)<\/p>\n<p style=\"text-align: center;\">le 2 ao\u00fbt 1893<\/p>\n<p style=\"text-align: center;\">fils de<\/p>\n<p style=\"text-align: center;\">Jean L\u00e9onard LEYLAVERGNE \/ Marie N\u00c9GRIGNAT<\/p>\n<p style=\"text-align: center;\">cultivateurs<\/p>\n<p style=\"text-align: center;\"><span style=\"color: #ffffff;\">\u25d9<\/span><\/p>\n<p><em>Jean-Baptiste, <\/em><span style=\"color: #008000;\"><strong>ma\u00e7on<\/strong><\/span><em>, habite d\u2019abord Morterolles avec ses parents. <\/em><\/p>\n<p><strong>\u00a0En 1913<\/strong><em>, domicili\u00e9 avec eux \u00e0 Bourganeuf, 15, rue du Puy,<\/em> <em>il travaille<\/em><em> \u00e0 <\/em><span style=\"color: #0000ff;\"><strong>Paris (75)<\/strong><em>.<\/em><\/span><\/p>\n<p><span style=\"color: #008000;\"><em>\u00a0<\/em><strong>Repr\u00e9sentant de commerce<\/strong><\/span><em>, il \u00e9pouse L\u00e9onie Marie <\/em><strong>BAULIS<\/strong><em> le 10 septembre <\/em><strong>1918<\/strong> <em>\u00e0 Paris 20<sup>e<\/sup>. <\/em><\/p>\n<p><strong>En 1919<\/strong><em>, ils habitent 48, rue de Terre-Neuve, 20e arrondissement\u00a0;<\/em><\/p>\n<p><strong>en 1922<\/strong><em>, 182, rue Saint-Maur\u00a0;<\/em><\/p>\n<p><strong>en 1923<\/strong><em>, 19, rue Bonnet, dans le 18e\u00a0;<\/em><\/p>\n<p><strong>en 1925<\/strong><em>, m\u00eame rue, au 25\u00a0;<\/em><\/p>\n<p><strong>en 1929<\/strong><em>, 2, cit\u00e9 Durel, aussi dans le 18e.<\/em><\/p>\n<p><strong>D\u00e8s 1933<\/strong><em>, Jean-Baptiste est <\/em><span style=\"color: #008000;\"><strong>employ\u00e9 de commerce<\/strong><\/span><em>\u00a0; il habite 4, Passage Saint-Jules dans le 18e. <\/em><\/p>\n<p><strong>En 1939<\/strong><em>, il est <\/em><span style=\"color: #008000;\"><strong>imprimeur<\/strong><\/span><em><span style=\"color: #008000;\">,<\/span> et habite 35, rue Bonnet.<\/em><\/p>\n<p><strong>En 1940<\/strong><em>, il est <\/em><span style=\"color: #008000;\"><strong>man\u0153uvre<\/strong><\/span><em>, et habite 80, boulevard Ornano, dans le 18e. <\/em><\/p>\n","protected":false},"excerpt":{"rendered":"<p>Mis \u00e0 jour le : 29\/04\/2026Jean-Baptiste LEYLAVERGNE 1893 \u2013 apr\u00e8s 1940 ma\u00e7on, employ\u00e9 de commerce ; imprimeur, man\u0153uvre n\u00e9 \u00e0 Beauvais (Saint-Amand-Jartoudeix) le 2 ao\u00fbt 1893 fils de Jean L\u00e9onard LEYLAVERGNE \/ Marie N\u00c9GRIGNAT cultivateurs \u25d9 Jean-Baptiste, ma\u00e7on, habite d\u2019abord Morterolles avec ses parents. \u00a0En 1913, domicili\u00e9 avec eux \u00e0 Bourganeuf, 15, rue du Puy, ..<\/p>\n<div class=\"clear-fix\"><\/div>\n<p><a href=\"https:\/\/www.lesmaconsdelacreuse.fr\/annuaires\/lettre-l\/l_1646\/\" title=\"Lire la suite...\">Lire la suite<\/a><\/p>\n","protected":false},"author":6,"featured_media":0,"comment_status":"closed","ping_status":"closed","sticky":false,"template":"","format":"standard","meta":{"_acf_changed":false,"_exactmetrics_skip_tracking":false,"_exactmetrics_sitenote_active":false,"_exactmetrics_sitenote_note":"","_exactmetrics_sitenote_category":0,"footnotes":""},"categories":[19],"tags":[],"class_list":["post-8911","post","type-post","status-publish","format-standard","hentry","category-lettre-l"],"acf":[],"_links":{"self":[{"href":"https:\/\/www.lesmaconsdelacreuse.fr\/annuaires\/wp-json\/wp\/v2\/posts\/8911","targetHints":{"allow":["GET"]}}],"collection":[{"href":"https:\/\/www.lesmaconsdelacreuse.fr\/annuaires\/wp-json\/wp\/v2\/posts"}],"about":[{"href":"https:\/\/www.lesmaconsdelacreuse.fr\/annuaires\/wp-json\/wp\/v2\/types\/post"}],"author":[{"embeddable":true,"href":"https:\/\/www.lesmaconsdelacreuse.fr\/annuaires\/wp-json\/wp\/v2\/users\/6"}],"replies":[{"embeddable":true,"href":"https:\/\/www.lesmaconsdelacreuse.fr\/annuaires\/wp-json\/wp\/v2\/comments?post=8911"}],"version-history":[{"count":3,"href":"https:\/\/www.lesmaconsdelacreuse.fr\/annuaires\/wp-json\/wp\/v2\/posts\/8911\/revisions"}],"predecessor-version":[{"id":200035,"href":"https:\/\/www.lesmaconsdelacreuse.fr\/annuaires\/wp-json\/wp\/v2\/posts\/8911\/revisions\/200035"}],"wp:attachment":[{"href":"https:\/\/www.lesmaconsdelacreuse.fr\/annuaires\/wp-json\/wp\/v2\/media?parent=8911"}],"wp:term":[{"taxonomy":"category","embeddable":true,"href":"https:\/\/www.lesmaconsdelacreuse.fr\/annuaires\/wp-json\/wp\/v2\/categories?post=8911"},{"taxonomy":"post_tag","embeddable":true,"href":"https:\/\/www.lesmaconsdelacreuse.fr\/annuaires\/wp-json\/wp\/v2\/tags?post=8911"}],"curies":[{"name":"wp","href":"https:\/\/api.w.org\/{rel}","templated":true}]}}