{"id":8915,"date":"2019-07-28T13:38:06","date_gmt":"2019-07-28T11:38:06","guid":{"rendered":"http:\/\/lesmaconsdelacreuse.fr\/annuaire\/?p=8915"},"modified":"2022-04-15T16:34:26","modified_gmt":"2022-04-15T14:34:26","slug":"l_1683","status":"publish","type":"post","link":"https:\/\/www.lesmaconsdelacreuse.fr\/annuaires\/lettre-l\/l_1683\/","title":{"rendered":"LIARD Arnaud (1847-apr\u00e8s 1901)"},"content":{"rendered":"<p class=\"last-updated\"><strong>Mis \u00e0 jour le :<\/strong> 29\/04\/2026<\/p><h2 style=\"text-align: center;\"><strong>Arnaud LIARD<\/strong><\/h2>\n<p style=\"text-align: center;\"><strong>1847 \u2013 apr\u00e8s 1901<\/strong><\/p>\n<p style=\"text-align: center;\"><img decoding=\"async\" title=\"\" src=\"https:\/\/lesmaconsdelacreuse.fr\/annuaire\/wp-content\/uploads\/2019\/07\/image1-2289.jpg\" alt=\"\" data-source-id=\"i.0\" data-asset-id=\"8912\" \/><\/p>\n<h4 style=\"text-align: center;\"><span style=\"color: #008000;\"><strong>ma\u00e7on<\/strong><\/span><\/h4>\n<p style=\"text-align: center;\">n\u00e9 \u00e0 Broussas (Faux-la-Montagne)<\/p>\n<p style=\"text-align: center;\">le 12 octobre 1847<\/p>\n<p style=\"text-align: center;\">fils de<\/p>\n<p style=\"text-align: center;\">Jean LIARD \/ Anne ANDRIEUX<\/p>\n<p style=\"text-align: center;\"><span style=\"color: #ffffff;\">\u25d9<\/span><\/p>\n<p><em>Arnaud \u00e9pouse Marie <\/em><strong>MIAN<\/strong><em> le 9 mars <\/em><strong>1873<\/strong> <em>\u00e0 Roy\u00e8re\u00a0 (contrat Toumieux)\u00a0; il ne sait pas encore signer. <\/em><\/p>\n<p><em>Les \u00e9poux habitent Vauveix.<\/em><\/p>\n<p><strong>En 1876<\/strong>,<em> Arnaud travaille \u00e0 <\/em><span style=\"color: #0000ff;\"><strong>Fontaines-sur-Sa\u00f4ne (69)<\/strong><\/span><em>, et loge 62, Grande Rue.<\/em><\/p>\n<p>En 1901<em>, Arnaud habite <\/em><span style=\"color: #0000ff;\"><strong>Lyon (69)<\/strong><\/span><em>, 16, rue Villeroi, tandis que Marie est \u00e0 Faux-la-Montagne.<\/em><\/p>\n","protected":false},"excerpt":{"rendered":"<p>Mis \u00e0 jour le : 29\/04\/2026Arnaud LIARD 1847 \u2013 apr\u00e8s 1901 ma\u00e7on n\u00e9 \u00e0 Broussas (Faux-la-Montagne) le 12 octobre 1847 fils de Jean LIARD \/ Anne ANDRIEUX \u25d9 Arnaud \u00e9pouse Marie MIAN le 9 mars 1873 \u00e0 Roy\u00e8re\u00a0 (contrat Toumieux)\u00a0; il ne sait pas encore signer. Les \u00e9poux habitent Vauveix. En 1876, Arnaud travaille \u00e0 ..<\/p>\n<div class=\"clear-fix\"><\/div>\n<p><a href=\"https:\/\/www.lesmaconsdelacreuse.fr\/annuaires\/lettre-l\/l_1683\/\" title=\"Lire la suite...\">Lire la suite<\/a><\/p>\n","protected":false},"author":6,"featured_media":0,"comment_status":"closed","ping_status":"closed","sticky":false,"template":"","format":"standard","meta":{"_acf_changed":false,"_exactmetrics_skip_tracking":false,"_exactmetrics_sitenote_active":false,"_exactmetrics_sitenote_note":"","_exactmetrics_sitenote_category":0,"footnotes":""},"categories":[19],"tags":[],"class_list":["post-8915","post","type-post","status-publish","format-standard","hentry","category-lettre-l"],"acf":[],"_links":{"self":[{"href":"https:\/\/www.lesmaconsdelacreuse.fr\/annuaires\/wp-json\/wp\/v2\/posts\/8915","targetHints":{"allow":["GET"]}}],"collection":[{"href":"https:\/\/www.lesmaconsdelacreuse.fr\/annuaires\/wp-json\/wp\/v2\/posts"}],"about":[{"href":"https:\/\/www.lesmaconsdelacreuse.fr\/annuaires\/wp-json\/wp\/v2\/types\/post"}],"author":[{"embeddable":true,"href":"https:\/\/www.lesmaconsdelacreuse.fr\/annuaires\/wp-json\/wp\/v2\/users\/6"}],"replies":[{"embeddable":true,"href":"https:\/\/www.lesmaconsdelacreuse.fr\/annuaires\/wp-json\/wp\/v2\/comments?post=8915"}],"version-history":[{"count":3,"href":"https:\/\/www.lesmaconsdelacreuse.fr\/annuaires\/wp-json\/wp\/v2\/posts\/8915\/revisions"}],"predecessor-version":[{"id":197648,"href":"https:\/\/www.lesmaconsdelacreuse.fr\/annuaires\/wp-json\/wp\/v2\/posts\/8915\/revisions\/197648"}],"wp:attachment":[{"href":"https:\/\/www.lesmaconsdelacreuse.fr\/annuaires\/wp-json\/wp\/v2\/media?parent=8915"}],"wp:term":[{"taxonomy":"category","embeddable":true,"href":"https:\/\/www.lesmaconsdelacreuse.fr\/annuaires\/wp-json\/wp\/v2\/categories?post=8915"},{"taxonomy":"post_tag","embeddable":true,"href":"https:\/\/www.lesmaconsdelacreuse.fr\/annuaires\/wp-json\/wp\/v2\/tags?post=8915"}],"curies":[{"name":"wp","href":"https:\/\/api.w.org\/{rel}","templated":true}]}}