{"id":8920,"date":"2019-07-28T13:38:05","date_gmt":"2019-07-28T11:38:05","guid":{"rendered":"http:\/\/lesmaconsdelacreuse.fr\/annuaire\/?p=8920"},"modified":"2020-10-05T14:56:27","modified_gmt":"2020-10-05T12:56:27","slug":"l_1665","status":"publish","type":"post","link":"https:\/\/www.lesmaconsdelacreuse.fr\/annuaires\/lettre-l\/l_1665\/","title":{"rendered":"LHERITIER Jean Martial (1819-1885)"},"content":{"rendered":"<p class=\"last-updated\"><strong>Mis \u00e0 jour le :<\/strong> 29\/04\/2026<\/p><h2 style=\"text-align: center;\"><strong>Jean Martial LH\u00c9RITIER<\/strong><\/h2>\n<p style=\"text-align: center;\"><strong>Jean LH\u00c9RITIER<\/strong><\/p>\n<p style=\"text-align: center;\"><strong>1819 \u2013 1885<\/strong><\/p>\n<p style=\"text-align: center;\"><img decoding=\"async\" title=\"\" src=\"https:\/\/lesmaconsdelacreuse.fr\/annuaire\/wp-content\/uploads\/2019\/07\/image1-2291.jpg\" alt=\"\" data-source-id=\"i.0\" data-asset-id=\"8918\" \/><\/p>\n<h4 style=\"text-align: center;\"><span style=\"color: #008000;\"><a href=\"https:\/\/www.lesmaconsdelacreuse.fr\/annuaires\/wp-content\/uploads\/2020\/07\/TAILLEUR-DE-PIERRE.png\"><strong>\u25ba<\/strong> <strong><span style=\"color: #008000;\">tailleur de pierre<\/span><\/strong><\/a>\u00a0et <strong>ma\u00e7on<\/strong><\/span><\/h4>\n<p>&nbsp;<\/p>\n<p style=\"text-align: center;\">n\u00e9 \u00e0 La Villotte (Saint-Michel-de Veisse)<\/p>\n<p style=\"text-align: center;\">le 13 octobre 1819<\/p>\n<p style=\"text-align: center;\">fils de<\/p>\n<p style=\"text-align: center;\">Jean LH\u00c9RITIER,<span style=\"color: #008000;\"> <strong>ma\u00e7on<\/strong><\/span><\/p>\n<p style=\"text-align: center;\">Fran\u00e7oise VALETTE, cultivatrice<\/p>\n<p style=\"text-align: center;\"><span style=\"color: #ffffff;\">\u25d9<\/span><\/p>\n<p><em>Jean \u00e9pouse Th\u00e9r\u00e8se <\/em><strong>LEGRAND<\/strong><em> le 11 mars <\/em><strong>1850<\/strong><em> \u00e0 Saint-Pierre-le-Bost. Ils habitent d\u2019abord Boussac, et ce, au moins jusqu\u2019en 1869.<\/em><\/p>\n<p><strong>En 1867, 1868, 1869, 1870 et 1871<\/strong><em>, Jean travaille \u00e0 <\/em><span style=\"color: #0000ff;\"><strong>Paris (75)<\/strong><\/span><em>, et loge 30, rue Duris. <\/em><\/p>\n<p><strong>En 1885<\/strong><em>, les \u00e9poux y sont ensemble 59, rue des Gravilliers, 3e arrondissement.<\/em><\/p>\n<p><em>Jean Martial d\u00e9c\u00e8de \u00e0 cette adresse le 21 mai de la m\u00eame ann\u00e9e<\/em>,<em> \u00e2g\u00e9 de 65 ans. <\/em><\/p>\n<p>&nbsp;<\/p>\n","protected":false},"excerpt":{"rendered":"<p>Mis \u00e0 jour le : 29\/04\/2026Jean Martial LH\u00c9RITIER Jean LH\u00c9RITIER 1819 \u2013 1885 \u25ba tailleur de pierre\u00a0et ma\u00e7on &nbsp; n\u00e9 \u00e0 La Villotte (Saint-Michel-de Veisse) le 13 octobre 1819 fils de Jean LH\u00c9RITIER, ma\u00e7on Fran\u00e7oise VALETTE, cultivatrice \u25d9 Jean \u00e9pouse Th\u00e9r\u00e8se LEGRAND le 11 mars 1850 \u00e0 Saint-Pierre-le-Bost. Ils habitent d\u2019abord Boussac, et ce, au ..<\/p>\n<div class=\"clear-fix\"><\/div>\n<p><a href=\"https:\/\/www.lesmaconsdelacreuse.fr\/annuaires\/lettre-l\/l_1665\/\" title=\"Lire la suite...\">Lire la suite<\/a><\/p>\n","protected":false},"author":6,"featured_media":0,"comment_status":"closed","ping_status":"closed","sticky":false,"template":"","format":"standard","meta":{"_acf_changed":false,"_exactmetrics_skip_tracking":false,"_exactmetrics_sitenote_active":false,"_exactmetrics_sitenote_note":"","_exactmetrics_sitenote_category":0,"footnotes":""},"categories":[19],"tags":[],"class_list":["post-8920","post","type-post","status-publish","format-standard","hentry","category-lettre-l"],"acf":[],"_links":{"self":[{"href":"https:\/\/www.lesmaconsdelacreuse.fr\/annuaires\/wp-json\/wp\/v2\/posts\/8920","targetHints":{"allow":["GET"]}}],"collection":[{"href":"https:\/\/www.lesmaconsdelacreuse.fr\/annuaires\/wp-json\/wp\/v2\/posts"}],"about":[{"href":"https:\/\/www.lesmaconsdelacreuse.fr\/annuaires\/wp-json\/wp\/v2\/types\/post"}],"author":[{"embeddable":true,"href":"https:\/\/www.lesmaconsdelacreuse.fr\/annuaires\/wp-json\/wp\/v2\/users\/6"}],"replies":[{"embeddable":true,"href":"https:\/\/www.lesmaconsdelacreuse.fr\/annuaires\/wp-json\/wp\/v2\/comments?post=8920"}],"version-history":[{"count":0,"href":"https:\/\/www.lesmaconsdelacreuse.fr\/annuaires\/wp-json\/wp\/v2\/posts\/8920\/revisions"}],"wp:attachment":[{"href":"https:\/\/www.lesmaconsdelacreuse.fr\/annuaires\/wp-json\/wp\/v2\/media?parent=8920"}],"wp:term":[{"taxonomy":"category","embeddable":true,"href":"https:\/\/www.lesmaconsdelacreuse.fr\/annuaires\/wp-json\/wp\/v2\/categories?post=8920"},{"taxonomy":"post_tag","embeddable":true,"href":"https:\/\/www.lesmaconsdelacreuse.fr\/annuaires\/wp-json\/wp\/v2\/tags?post=8920"}],"curies":[{"name":"wp","href":"https:\/\/api.w.org\/{rel}","templated":true}]}}