{"id":8929,"date":"2019-07-28T13:38:02","date_gmt":"2019-07-28T11:38:02","guid":{"rendered":"http:\/\/lesmaconsdelacreuse.fr\/annuaire\/?p=8929"},"modified":"2021-12-19T13:31:35","modified_gmt":"2021-12-19T12:31:35","slug":"l_1716","status":"publish","type":"post","link":"https:\/\/www.lesmaconsdelacreuse.fr\/annuaires\/lettre-l\/l_1716\/","title":{"rendered":"LINTIGNAT L\u00e9onard (1849-1917)"},"content":{"rendered":"<p class=\"last-updated\"><strong>Mis \u00e0 jour le :<\/strong> 29\/04\/2026<\/p><h2 style=\"text-align: center;\"><strong>L\u00e9onard LINTIGNAT<\/strong><\/h2>\n<p style=\"text-align: center;\"><strong>1849 \u2013 1917<\/strong><\/p>\n<p style=\"text-align: center;\"><img decoding=\"async\" title=\"\" src=\"https:\/\/lesmaconsdelacreuse.fr\/annuaire\/wp-content\/uploads\/2019\/07\/image1-2296.jpg\" alt=\"\" data-source-id=\"i.0\" data-asset-id=\"8927\" \/><\/p>\n<h4 style=\"text-align: center;\"><span style=\"color: #008000;\"><strong>ma\u00e7on <\/strong>et<strong> tailleur d\u2019habits<\/strong><\/span><\/h4>\n<p style=\"text-align: center;\">n\u00e9 au bourg de Saint-Moreil<\/p>\n<p style=\"text-align: center;\">le 15 juillet 1849<\/p>\n<p style=\"text-align: center;\">fils de<\/p>\n<p style=\"text-align: center;\">L\u00e9onard LINTIGNAT \/ Louise MEUNIER<\/p>\n<p style=\"text-align: center;\">cultivateurs<\/p>\n<p style=\"text-align: center;\"><span style=\"color: #ffffff;\">\u25d9<\/span><\/p>\n<p><strong>En 1870<\/strong><em>, L\u00e9onard, <\/em><span style=\"color: #008000;\"><strong>ma\u00e7on<\/strong><\/span><em>, est exempt\u00e9 de service militaire pour faiblesse de constitution.<\/em><\/p>\n<p><span style=\"color: #008000;\"><strong>Tailleur d\u2019habits<\/strong><\/span><em>, il \u00e9pouse Fran\u00e7oise <\/em><strong>N\u00c9GRIGNAT l<\/strong><em>e 29 novembre <\/em><strong>1879<\/strong> <em>\u00e0 Saint-Junien-la-Breg\u00e8re (contrat Tramonteil \u00e0 Peyrat-le-Ch\u00e2teau \u2013 87). Ils habitent Saint-Junien.<\/em><\/p>\n<p><em>Ils d\u00e9c\u00e8dent \u00e0 Truffy, m\u00eame commune:<\/em><\/p>\n<ul>\n<li><em>L\u00e9onard, le 3 juillet<\/em> <strong>1917<\/strong>, <em>\u00e2g\u00e9 de 67 ans<\/em><\/li>\n<li><em>Fran\u00e7oise, le 18 janvier <\/em><strong>1945<\/strong><em>, \u00e2g\u00e9e de 90 ans<\/em><\/li>\n<\/ul>\n","protected":false},"excerpt":{"rendered":"<p>Mis \u00e0 jour le : 29\/04\/2026L\u00e9onard LINTIGNAT 1849 \u2013 1917 ma\u00e7on et tailleur d\u2019habits n\u00e9 au bourg de Saint-Moreil le 15 juillet 1849 fils de L\u00e9onard LINTIGNAT \/ Louise MEUNIER cultivateurs \u25d9 En 1870, L\u00e9onard, ma\u00e7on, est exempt\u00e9 de service militaire pour faiblesse de constitution. Tailleur d\u2019habits, il \u00e9pouse Fran\u00e7oise N\u00c9GRIGNAT le 29 novembre 1879 ..<\/p>\n<div class=\"clear-fix\"><\/div>\n<p><a href=\"https:\/\/www.lesmaconsdelacreuse.fr\/annuaires\/lettre-l\/l_1716\/\" title=\"Lire la suite...\">Lire la suite<\/a><\/p>\n","protected":false},"author":6,"featured_media":0,"comment_status":"closed","ping_status":"closed","sticky":false,"template":"","format":"standard","meta":{"_acf_changed":false,"_exactmetrics_skip_tracking":false,"_exactmetrics_sitenote_active":false,"_exactmetrics_sitenote_note":"","_exactmetrics_sitenote_category":0,"footnotes":""},"categories":[19],"tags":[],"class_list":["post-8929","post","type-post","status-publish","format-standard","hentry","category-lettre-l"],"acf":[],"_links":{"self":[{"href":"https:\/\/www.lesmaconsdelacreuse.fr\/annuaires\/wp-json\/wp\/v2\/posts\/8929","targetHints":{"allow":["GET"]}}],"collection":[{"href":"https:\/\/www.lesmaconsdelacreuse.fr\/annuaires\/wp-json\/wp\/v2\/posts"}],"about":[{"href":"https:\/\/www.lesmaconsdelacreuse.fr\/annuaires\/wp-json\/wp\/v2\/types\/post"}],"author":[{"embeddable":true,"href":"https:\/\/www.lesmaconsdelacreuse.fr\/annuaires\/wp-json\/wp\/v2\/users\/6"}],"replies":[{"embeddable":true,"href":"https:\/\/www.lesmaconsdelacreuse.fr\/annuaires\/wp-json\/wp\/v2\/comments?post=8929"}],"version-history":[{"count":2,"href":"https:\/\/www.lesmaconsdelacreuse.fr\/annuaires\/wp-json\/wp\/v2\/posts\/8929\/revisions"}],"predecessor-version":[{"id":193299,"href":"https:\/\/www.lesmaconsdelacreuse.fr\/annuaires\/wp-json\/wp\/v2\/posts\/8929\/revisions\/193299"}],"wp:attachment":[{"href":"https:\/\/www.lesmaconsdelacreuse.fr\/annuaires\/wp-json\/wp\/v2\/media?parent=8929"}],"wp:term":[{"taxonomy":"category","embeddable":true,"href":"https:\/\/www.lesmaconsdelacreuse.fr\/annuaires\/wp-json\/wp\/v2\/categories?post=8929"},{"taxonomy":"post_tag","embeddable":true,"href":"https:\/\/www.lesmaconsdelacreuse.fr\/annuaires\/wp-json\/wp\/v2\/tags?post=8929"}],"curies":[{"name":"wp","href":"https:\/\/api.w.org\/{rel}","templated":true}]}}