{"id":8932,"date":"2019-07-28T13:38:02","date_gmt":"2019-07-28T11:38:02","guid":{"rendered":"http:\/\/lesmaconsdelacreuse.fr\/annuaire\/?p=8932"},"modified":"2020-01-20T11:28:21","modified_gmt":"2020-01-20T10:28:21","slug":"l_1628","status":"publish","type":"post","link":"https:\/\/www.lesmaconsdelacreuse.fr\/annuaires\/lettre-l\/l_1628\/","title":{"rendered":"LESTANG Michel (1738-1780)"},"content":{"rendered":"<p class=\"last-updated\"><strong>Mis \u00e0 jour le :<\/strong> 29\/04\/2026<\/p><h2 style=\"text-align: center;\"><strong>Michel LESTANG<\/strong><\/h2>\n<p style=\"text-align: center;\"><strong>1738 &#8211; 1780<\/strong><\/p>\n<p style=\"text-align: center;\"><img decoding=\"async\" title=\"\" src=\"https:\/\/lesmaconsdelacreuse.fr\/annuaire\/wp-content\/uploads\/2019\/07\/image1-2298.jpg\" alt=\"\" data-source-id=\"i.0\" data-asset-id=\"8931\" \/><\/p>\n<h4 style=\"text-align: center;\"><span style=\"color: #008000;\"><strong>ma\u00e7on <\/strong>et<strong> laboureur<\/strong><\/span><\/h4>\n<p style=\"text-align: center;\">n\u00e9 au bourg de Ch\u00e2tain<\/p>\n<p style=\"text-align: center;\">le 10 septembre 1738<\/p>\n<p style=\"text-align: center;\">fils de<\/p>\n<p style=\"text-align: center;\">L\u00e9onard LESTANG \/ Th\u00e9r\u00e8se LELAQUAIS<\/p>\n<p style=\"text-align: center;\"><span style=\"color: #ffffff;\">\u25d9<\/span><\/p>\n<p><em>Michel \u00e9pouse Marguerite <\/em><strong>LAGAYE<\/strong><em> (dite aussi M\u00e9tro du nom de sa m\u00e8re) le 3 f\u00e9vrier <\/em><strong>1763<\/strong><em> \u00e0 Ch\u00e2tain.<\/em><\/p>\n<p><em> Ils habitent le bourg. <\/em><\/p>\n<p><em>Michel y d\u00e9c\u00e8de <\/em>en f\u00e9vrier <strong>1780<\/strong><em> (date d\u00e9chir\u00e9e), \u00e2g\u00e9 de 41 ans .<\/em><\/p>\n","protected":false},"excerpt":{"rendered":"<p>Mis \u00e0 jour le : 29\/04\/2026Michel LESTANG 1738 &#8211; 1780 ma\u00e7on et laboureur n\u00e9 au bourg de Ch\u00e2tain le 10 septembre 1738 fils de L\u00e9onard LESTANG \/ Th\u00e9r\u00e8se LELAQUAIS \u25d9 Michel \u00e9pouse Marguerite LAGAYE (dite aussi M\u00e9tro du nom de sa m\u00e8re) le 3 f\u00e9vrier 1763 \u00e0 Ch\u00e2tain. Ils habitent le bourg. Michel y d\u00e9c\u00e8de ..<\/p>\n<div class=\"clear-fix\"><\/div>\n<p><a href=\"https:\/\/www.lesmaconsdelacreuse.fr\/annuaires\/lettre-l\/l_1628\/\" title=\"Lire la suite...\">Lire la suite<\/a><\/p>\n","protected":false},"author":6,"featured_media":0,"comment_status":"closed","ping_status":"closed","sticky":false,"template":"","format":"standard","meta":{"_acf_changed":false,"_exactmetrics_skip_tracking":false,"_exactmetrics_sitenote_active":false,"_exactmetrics_sitenote_note":"","_exactmetrics_sitenote_category":0,"footnotes":""},"categories":[19],"tags":[],"class_list":["post-8932","post","type-post","status-publish","format-standard","hentry","category-lettre-l"],"acf":[],"_links":{"self":[{"href":"https:\/\/www.lesmaconsdelacreuse.fr\/annuaires\/wp-json\/wp\/v2\/posts\/8932","targetHints":{"allow":["GET"]}}],"collection":[{"href":"https:\/\/www.lesmaconsdelacreuse.fr\/annuaires\/wp-json\/wp\/v2\/posts"}],"about":[{"href":"https:\/\/www.lesmaconsdelacreuse.fr\/annuaires\/wp-json\/wp\/v2\/types\/post"}],"author":[{"embeddable":true,"href":"https:\/\/www.lesmaconsdelacreuse.fr\/annuaires\/wp-json\/wp\/v2\/users\/6"}],"replies":[{"embeddable":true,"href":"https:\/\/www.lesmaconsdelacreuse.fr\/annuaires\/wp-json\/wp\/v2\/comments?post=8932"}],"version-history":[{"count":0,"href":"https:\/\/www.lesmaconsdelacreuse.fr\/annuaires\/wp-json\/wp\/v2\/posts\/8932\/revisions"}],"wp:attachment":[{"href":"https:\/\/www.lesmaconsdelacreuse.fr\/annuaires\/wp-json\/wp\/v2\/media?parent=8932"}],"wp:term":[{"taxonomy":"category","embeddable":true,"href":"https:\/\/www.lesmaconsdelacreuse.fr\/annuaires\/wp-json\/wp\/v2\/categories?post=8932"},{"taxonomy":"post_tag","embeddable":true,"href":"https:\/\/www.lesmaconsdelacreuse.fr\/annuaires\/wp-json\/wp\/v2\/tags?post=8932"}],"curies":[{"name":"wp","href":"https:\/\/api.w.org\/{rel}","templated":true}]}}